{"id":56785,"date":"2023-03-09T10:11:11","date_gmt":"2023-03-09T09:11:11","guid":{"rendered":"https:\/\/jugulajm.net\/?p=56785"},"modified":"2023-05-31T09:42:46","modified_gmt":"2023-05-31T07:42:46","slug":"sarande-digjet-taverna-ne-3-te-mengjesit-ja-shkaku","status":"publish","type":"post","link":"https:\/\/jugulajm.net\/?p=56785","title":{"rendered":"Sarand\u00eb\/ Digjet taverna n\u00eb 3 t\u00eb m\u00ebngjesit, ja shkaku&#8230;"},"content":{"rendered":"<p>Nj\u00eb tavern\u00eb n\u00eb Sarand\u00eb ka marr\u00eb flak\u00eb gjat\u00eb mesnat\u00ebs.<\/p>\n<div class=\"is-layout-flex wp-container-68 wp-block-columns\">\n<div class=\"is-layout-flow wp-block-column\">Zjarri \u00ebsht\u00eb v\u00ebn\u00eb re n\u00eb or\u00ebn 3 t\u00eb m\u00ebngjesit dhe menj\u00ebher\u00eb jan\u00eb njoftuar zjarrfik\u00ebset, t\u00eb cil\u00ebt kan\u00eb izoluar zjarrin, i cili rrezikonte t\u00eb p\u00ebrhapej edhe n\u00eb ambjentet e banimit t\u00eb godin\u00ebs dhe m\u00eb pas fikjen e zjarrit.<\/div>\n<\/div>\n<div class=\"is-layout-flex wp-container-70 wp-block-columns\">\n<div class=\"is-layout-flow wp-block-column\">Ende nuk dihen shkaqet e k\u00ebtij zjarri, i cili ka shkaktuar d\u00ebme t\u00eb shumta materiale, por fatmir\u00ebsisht pa t\u00eb l\u00ebnduar.<\/div>\n<\/div>\n<p>Policia e Sarand\u00eb ka deklaruar se paraprakisht dyshohet se shkak i zjarrit ka qen\u00eb nj\u00eb shk\u00ebndij\u00eb elektrike n\u00eb aspirator.<\/p>\n<div class=\"is-layout-flex wp-container-72 wp-block-columns\">\n<div class=\"is-layout-flow wp-block-column\"><strong>Njoftimi i policise:<\/strong><\/div>\n<\/div>\n<div class=\"is-layout-flex wp-container-74 wp-block-columns\">\n<div class=\"is-layout-flow wp-block-column\"><\/div>\n<\/div>\n<p>Sot, rreth or\u00ebs 03:00, n\u00eb lagjen nr.4, Sarand\u00eb, dyshohet se si pasoj\u00eb e nj\u00eb shk\u00ebndije elektrike n\u00eb aspirator, ka r\u00ebn\u00eb zjarr dhe si pasoj\u00eb e p\u00ebrhapjes s\u00eb flak\u00ebve \u00ebsht\u00eb djegur pjes\u00ebrisht pjesa e jashtme e lokalit n\u00eb pron\u00ebsi t\u00eb shtetasit M. B.<\/p>\n<div class=\"is-layout-flex wp-container-76 wp-block-columns\">\n<div class=\"is-layout-flow wp-block-column\">Grupi hetimor po punon p\u00ebr zbardhjen e rrethanave t\u00eb ngjarjes.<\/div>\n<\/div>\n","protected":false},"excerpt":{"rendered":"<p>Nj\u00eb tavern\u00eb n\u00eb Sarand\u00eb ka marr\u00eb flak\u00eb gjat\u00eb mesnat\u00ebs. Zjarri \u00ebsht\u00eb v\u00ebn\u00eb re n\u00eb or\u00ebn 3 t\u00eb m\u00ebngjesit dhe menj\u00ebher\u00eb jan\u00eb njoftuar zjarrfik\u00ebset, t\u00eb cil\u00ebt kan\u00eb izoluar zjarrin, i cili rrezikonte t\u00eb p\u00ebrhapej edhe n\u00eb ambjentet e banimit t\u00eb godin\u00ebs dhe m\u00eb pas fikjen e zjarrit. Ende nuk dihen shkaqet e k\u00ebtij zjarri, i cili [&hellip;]<\/p>\n","protected":false},"author":5,"featured_media":56138,"comment_status":"closed","ping_status":"open","sticky":false,"template":"","format":"standard","meta":{"footnotes":""},"categories":[1,6332],"tags":[22218,22217],"class_list":{"0":"post-56785","1":"post","2":"type-post","3":"status-publish","4":"format-standard","5":"has-post-thumbnail","7":"category-aktualitet","8":"category-te-fundit","9":"tag-ja-shkaku","10":"tag-sarande-digjet-taverna-ne-3-te-mengjesit"},"_links":{"self":[{"href":"https:\/\/jugulajm.net\/index.php?rest_route=\/wp\/v2\/posts\/56785","targetHints":{"allow":["GET"]}}],"collection":[{"href":"https:\/\/jugulajm.net\/index.php?rest_route=\/wp\/v2\/posts"}],"about":[{"href":"https:\/\/jugulajm.net\/index.php?rest_route=\/wp\/v2\/types\/post"}],"author":[{"embeddable":true,"href":"https:\/\/jugulajm.net\/index.php?rest_route=\/wp\/v2\/users\/5"}],"replies":[{"embeddable":true,"href":"https:\/\/jugulajm.net\/index.php?rest_route=%2Fwp%2Fv2%2Fcomments&post=56785"}],"version-history":[{"count":0,"href":"https:\/\/jugulajm.net\/index.php?rest_route=\/wp\/v2\/posts\/56785\/revisions"}],"wp:featuredmedia":[{"embeddable":true,"href":"https:\/\/jugulajm.net\/index.php?rest_route=\/wp\/v2\/media\/56138"}],"wp:attachment":[{"href":"https:\/\/jugulajm.net\/index.php?rest_route=%2Fwp%2Fv2%2Fmedia&parent=56785"}],"wp:term":[{"taxonomy":"category","embeddable":true,"href":"https:\/\/jugulajm.net\/index.php?rest_route=%2Fwp%2Fv2%2Fcategories&post=56785"},{"taxonomy":"post_tag","embeddable":true,"href":"https:\/\/jugulajm.net\/index.php?rest_route=%2Fwp%2Fv2%2Ftags&post=56785"}],"curies":[{"name":"wp","href":"https:\/\/api.w.org\/{rel}","templated":true}]}}