{"id":56767,"date":"2023-03-08T14:54:25","date_gmt":"2023-03-08T13:54:25","guid":{"rendered":"https:\/\/jugulajm.net\/?p=56767"},"modified":"2023-05-31T09:42:47","modified_gmt":"2023-05-31T07:42:47","slug":"aksidenti-i-trenave-greqia-paralizohet-nga-protestat","status":"publish","type":"post","link":"https:\/\/jugulajm.net\/?p=56767","title":{"rendered":"Aksidenti i trenave\/ Greqia \u201cparalizohet\u201d nga protestat"},"content":{"rendered":"<p>Protestat masive kan\u00eb p\u00ebrfshir\u00eb Greqin\u00eb pas tragjedis\u00eb n\u00eb Tempi, Larisa, ku dy trena u p\u00ebrplas\u00ebn dhe 57 persona mbet\u00ebn viktima.<\/p>\n<p>Pjes\u00ebmarrja ka qen\u00eb e madhe n\u00eb protest\u00ebn e Athin\u00ebs. Vler\u00ebsohet se 25,000 protestues jan\u00eb n\u00eb Syntagma dhe Paneseptimo dhe 5,000 t\u00eb tjer\u00eb n\u00eb Klathmonos.<\/p>\n<p>Slogani qendror i protest\u00ebs ishte \u201cKurr\u00eb m\u00eb\u201d dhe \u201cMe merr kur t\u00eb mb\u00ebrrish\u201d.<\/p>\n<p>Deri tani policia ka proceduar me 15 rekrutime nga grumbullimet n\u00eb qend\u00ebr t\u00eb Athin\u00ebs. Sipas policis\u00eb, gjat\u00eb kontrolleve \u00ebsht\u00eb konstatuar se t\u00eb arrestuarit kishin nd\u00ebr t\u00eb tjera mjete tymuese dhe kapu\u00e7. T\u00eb 15 personat u d\u00ebrguan n\u00eb komisariate.<\/p>\n<p>P\u00ebrve\u00e7 Athin\u00ebs, tubime dhe marshime protesta jan\u00eb planifikuar n\u00eb t\u00eb gjitha qytetet kryesore t\u00eb vendit.<\/p>\n<p>N\u00eb Larisa mobilizimet u drejtuan nga t\u00eb rinjt\u00eb. Nj\u00eb turm\u00eb njer\u00ebzish \u00ebsht\u00eb mbledhur n\u00eb sheshin qendror, duke k\u00ebrkuar d\u00ebnimin e autor\u00ebve t\u00eb aksidentit n\u00eb Tempi.<\/p>\n","protected":false},"excerpt":{"rendered":"<p>Protestat masive kan\u00eb p\u00ebrfshir\u00eb Greqin\u00eb pas tragjedis\u00eb n\u00eb Tempi, Larisa, ku dy trena u p\u00ebrplas\u00ebn dhe 57 persona mbet\u00ebn viktima. Pjes\u00ebmarrja ka qen\u00eb e madhe n\u00eb protest\u00ebn e Athin\u00ebs. Vler\u00ebsohet se 25,000 protestues jan\u00eb n\u00eb Syntagma dhe Paneseptimo dhe 5,000 t\u00eb tjer\u00eb n\u00eb Klathmonos. Slogani qendror i protest\u00ebs ishte \u201cKurr\u00eb m\u00eb\u201d dhe \u201cMe merr kur [&hellip;]<\/p>\n","protected":false},"author":5,"featured_media":56768,"comment_status":"closed","ping_status":"open","sticky":false,"template":"","format":"standard","meta":{"footnotes":""},"categories":[1,6332],"tags":[22209],"class_list":{"0":"post-56767","1":"post","2":"type-post","3":"status-publish","4":"format-standard","5":"has-post-thumbnail","7":"category-aktualitet","8":"category-te-fundit","9":"tag-aksidenti-i-trenave-greqia-paralizohet-nga-protestat"},"_links":{"self":[{"href":"https:\/\/jugulajm.net\/index.php?rest_route=\/wp\/v2\/posts\/56767","targetHints":{"allow":["GET"]}}],"collection":[{"href":"https:\/\/jugulajm.net\/index.php?rest_route=\/wp\/v2\/posts"}],"about":[{"href":"https:\/\/jugulajm.net\/index.php?rest_route=\/wp\/v2\/types\/post"}],"author":[{"embeddable":true,"href":"https:\/\/jugulajm.net\/index.php?rest_route=\/wp\/v2\/users\/5"}],"replies":[{"embeddable":true,"href":"https:\/\/jugulajm.net\/index.php?rest_route=%2Fwp%2Fv2%2Fcomments&post=56767"}],"version-history":[{"count":0,"href":"https:\/\/jugulajm.net\/index.php?rest_route=\/wp\/v2\/posts\/56767\/revisions"}],"wp:featuredmedia":[{"embeddable":true,"href":"https:\/\/jugulajm.net\/index.php?rest_route=\/wp\/v2\/media\/56768"}],"wp:attachment":[{"href":"https:\/\/jugulajm.net\/index.php?rest_route=%2Fwp%2Fv2%2Fmedia&parent=56767"}],"wp:term":[{"taxonomy":"category","embeddable":true,"href":"https:\/\/jugulajm.net\/index.php?rest_route=%2Fwp%2Fv2%2Fcategories&post=56767"},{"taxonomy":"post_tag","embeddable":true,"href":"https:\/\/jugulajm.net\/index.php?rest_route=%2Fwp%2Fv2%2Ftags&post=56767"}],"curies":[{"name":"wp","href":"https:\/\/api.w.org\/{rel}","templated":true}]}}