{"id":56764,"date":"2023-03-08T14:46:11","date_gmt":"2023-03-08T13:46:11","guid":{"rendered":"https:\/\/jugulajm.net\/?p=56764"},"modified":"2023-05-31T09:42:47","modified_gmt":"2023-05-31T07:42:47","slug":"shehu-alibeaj-manekin-i-rames-ja-me-cfare-logo-do-dalim-ne-zgjedhjet-e-14-majit","status":"publish","type":"post","link":"https:\/\/jugulajm.net\/?p=56764","title":{"rendered":"Shehu: Alibeaj, manekin i Ram\u00ebs, ja me \u00e7far\u00eb logo do dalim n\u00eb zgjedhjet e 14 majit"},"content":{"rendered":"<p>Deputeti i Partis\u00eb Demokratike, Tritan Shehu, thot\u00eb se grupimi i Sali Berish\u00ebs do t\u00eb dal\u00eb n\u00eb zgjedhjet e 14 majit me logon e k\u00ebsaj force politike.<\/p>\n<p>N\u00eb nj\u00eb intervist\u00eb p\u00ebr Euronews Albania, Shehu u shpreh se ka vet\u00ebm nj\u00eb Parti Demokratike dhe e cil\u00ebsoi Enkelejd Alibeajn nj\u00eb manekin t\u00eb kryeministrit Edi Rama.<\/p>\n<p>\u201cGjykata nuk ka th\u00ebn\u00eb ashtu realisht. Gjykata, edhe n\u00eb absurditetin m\u00eb t\u00eb madh t\u00eb saj, e ka kthyer gjykimin p\u00ebrs\u00ebri n\u00eb Shkall\u00ebn e Par\u00eb. Nuk ka thon\u00eb ndonj\u00eb gj\u00eb gjykata, t\u00eb mos krijojm\u00eb iluzione kot.<\/p>\n<p>K\u00ebto jan\u00eb kamuflazhe, jan\u00eb gj\u00ebra q\u00eb b\u00ebhen n\u00eb m\u00ebnyr\u00eb t\u00eb paligjshme dhe t\u00eb err\u00ebt t\u00eb gjykat\u00ebs, t\u00eb shtyr\u00eb nga Rama p\u00ebr t\u00eb nxjerr\u00eb nj\u00eb manekin t\u00eb tij q\u00eb quhet Alibeaj. Logoja e Partis\u00eb Demokratike i p\u00ebrket Partis\u00eb Demokratike. Partia Demokratike dihet ku \u00ebsht\u00eb, n\u00ebse dikush do q\u00eb ta rr\u00ebmbej\u00eb, nuk do ta b\u00ebj\u00eb dot\u201d, theksoi ai.<\/p>\n","protected":false},"excerpt":{"rendered":"<p>Deputeti i Partis\u00eb Demokratike, Tritan Shehu, thot\u00eb se grupimi i Sali Berish\u00ebs do t\u00eb dal\u00eb n\u00eb zgjedhjet e 14 majit me logon e k\u00ebsaj force politike. N\u00eb nj\u00eb intervist\u00eb p\u00ebr Euronews Albania, Shehu u shpreh se ka vet\u00ebm nj\u00eb Parti Demokratike dhe e cil\u00ebsoi Enkelejd Alibeajn nj\u00eb manekin t\u00eb kryeministrit Edi Rama. \u201cGjykata nuk ka [&hellip;]<\/p>\n","protected":false},"author":5,"featured_media":46300,"comment_status":"closed","ping_status":"open","sticky":false,"template":"","format":"standard","meta":{"footnotes":""},"categories":[6326,6332],"tags":[22208,22207,22206],"class_list":{"0":"post-56764","1":"post","2":"type-post","3":"status-publish","4":"format-standard","5":"has-post-thumbnail","7":"category-politike","8":"category-te-fundit","9":"tag-ja-me-cfare-logo-do-dalim-ne-zgjedhjet-e-14-majit","10":"tag-manekin-i-rames","11":"tag-shehu-alibeaj"},"_links":{"self":[{"href":"https:\/\/jugulajm.net\/index.php?rest_route=\/wp\/v2\/posts\/56764","targetHints":{"allow":["GET"]}}],"collection":[{"href":"https:\/\/jugulajm.net\/index.php?rest_route=\/wp\/v2\/posts"}],"about":[{"href":"https:\/\/jugulajm.net\/index.php?rest_route=\/wp\/v2\/types\/post"}],"author":[{"embeddable":true,"href":"https:\/\/jugulajm.net\/index.php?rest_route=\/wp\/v2\/users\/5"}],"replies":[{"embeddable":true,"href":"https:\/\/jugulajm.net\/index.php?rest_route=%2Fwp%2Fv2%2Fcomments&post=56764"}],"version-history":[{"count":0,"href":"https:\/\/jugulajm.net\/index.php?rest_route=\/wp\/v2\/posts\/56764\/revisions"}],"wp:featuredmedia":[{"embeddable":true,"href":"https:\/\/jugulajm.net\/index.php?rest_route=\/wp\/v2\/media\/46300"}],"wp:attachment":[{"href":"https:\/\/jugulajm.net\/index.php?rest_route=%2Fwp%2Fv2%2Fmedia&parent=56764"}],"wp:term":[{"taxonomy":"category","embeddable":true,"href":"https:\/\/jugulajm.net\/index.php?rest_route=%2Fwp%2Fv2%2Fcategories&post=56764"},{"taxonomy":"post_tag","embeddable":true,"href":"https:\/\/jugulajm.net\/index.php?rest_route=%2Fwp%2Fv2%2Ftags&post=56764"}],"curies":[{"name":"wp","href":"https:\/\/api.w.org\/{rel}","templated":true}]}}