{"id":56690,"date":"2023-03-05T18:09:42","date_gmt":"2023-03-05T17:09:42","guid":{"rendered":"https:\/\/jugulajm.net\/?p=56690"},"modified":"2023-05-31T09:42:48","modified_gmt":"2023-05-31T07:42:48","slug":"tragjedia-ne-greqi-prek-kryeministri-me-reagimin-e-tij","status":"publish","type":"post","link":"https:\/\/jugulajm.net\/?p=56690","title":{"rendered":"Tragjedia n\u00eb Greqi, prek kryeministri me reagimin e tij"},"content":{"rendered":"<p>Kryeministri grek Kyriakos Mitsotakis u ka k\u00ebrkuar falje familjar\u00ebve t\u00eb e 57 viktimave n\u00eb tragjedin\u00eb m\u00eb t\u00eb r\u00ebnd\u00eb me trena n\u00eb Greqi, teksa mij\u00ebra protestues u mblodh\u00ebn n\u00eb Athin\u00eb dhe u p\u00ebrlesh\u00ebn me policin\u00eb.<\/p>\n<p>&#8220;Si kryeminist\u00ebr, ua kam borxh t\u00eb gjith\u00ebve, ve\u00e7mas familjar\u00ebve t\u00eb viktimave q\u00eb t\u2019iu k\u00ebrkoj falje\u201d, tha kryeministri grek, Kyriakos Mitsotakis.<\/p>\n<p>\u201cP\u00ebr Greqin\u00eb e vitit 2023, dy trena q\u00eb udh\u00ebtojn\u00eb n\u00eb drejtime t\u00eb ndryshme nuk mund t\u00eb l\u00ebvizin n\u00eb shin\u00eb t\u00eb nj\u00ebjt\u00eb dhe askush t\u00eb mos e v\u00ebrej\u00eb\u201d, shkroi ai n\u00eb fb.<\/p>\n","protected":false},"excerpt":{"rendered":"<p>Kryeministri grek Kyriakos Mitsotakis u ka k\u00ebrkuar falje familjar\u00ebve t\u00eb e 57 viktimave n\u00eb tragjedin\u00eb m\u00eb t\u00eb r\u00ebnd\u00eb me trena n\u00eb Greqi, teksa mij\u00ebra protestues u mblodh\u00ebn n\u00eb Athin\u00eb dhe u p\u00ebrlesh\u00ebn me policin\u00eb. &#8220;Si kryeminist\u00ebr, ua kam borxh t\u00eb gjith\u00ebve, ve\u00e7mas familjar\u00ebve t\u00eb viktimave q\u00eb t\u2019iu k\u00ebrkoj falje\u201d, tha kryeministri grek, Kyriakos Mitsotakis. \u201cP\u00ebr [&hellip;]<\/p>\n","protected":false},"author":5,"featured_media":56692,"comment_status":"closed","ping_status":"open","sticky":false,"template":"","format":"standard","meta":{"footnotes":""},"categories":[1,6332],"tags":[22176,22175],"class_list":{"0":"post-56690","1":"post","2":"type-post","3":"status-publish","4":"format-standard","5":"has-post-thumbnail","7":"category-aktualitet","8":"category-te-fundit","9":"tag-prek-kryeministri-me-reagimin-e-tij","10":"tag-tragjedia-ne-greqi"},"_links":{"self":[{"href":"https:\/\/jugulajm.net\/index.php?rest_route=\/wp\/v2\/posts\/56690","targetHints":{"allow":["GET"]}}],"collection":[{"href":"https:\/\/jugulajm.net\/index.php?rest_route=\/wp\/v2\/posts"}],"about":[{"href":"https:\/\/jugulajm.net\/index.php?rest_route=\/wp\/v2\/types\/post"}],"author":[{"embeddable":true,"href":"https:\/\/jugulajm.net\/index.php?rest_route=\/wp\/v2\/users\/5"}],"replies":[{"embeddable":true,"href":"https:\/\/jugulajm.net\/index.php?rest_route=%2Fwp%2Fv2%2Fcomments&post=56690"}],"version-history":[{"count":0,"href":"https:\/\/jugulajm.net\/index.php?rest_route=\/wp\/v2\/posts\/56690\/revisions"}],"wp:featuredmedia":[{"embeddable":true,"href":"https:\/\/jugulajm.net\/index.php?rest_route=\/wp\/v2\/media\/56692"}],"wp:attachment":[{"href":"https:\/\/jugulajm.net\/index.php?rest_route=%2Fwp%2Fv2%2Fmedia&parent=56690"}],"wp:term":[{"taxonomy":"category","embeddable":true,"href":"https:\/\/jugulajm.net\/index.php?rest_route=%2Fwp%2Fv2%2Fcategories&post=56690"},{"taxonomy":"post_tag","embeddable":true,"href":"https:\/\/jugulajm.net\/index.php?rest_route=%2Fwp%2Fv2%2Ftags&post=56690"}],"curies":[{"name":"wp","href":"https:\/\/api.w.org\/{rel}","templated":true}]}}