{"id":56652,"date":"2023-03-04T15:34:47","date_gmt":"2023-03-04T14:34:47","guid":{"rendered":"https:\/\/jugulajm.net\/?p=56652"},"modified":"2023-05-31T09:42:49","modified_gmt":"2023-05-31T07:42:49","slug":"emrat-aksidenti-ne-greqi-identifikohen-4-viktima-me-origjine-shqiptare","status":"publish","type":"post","link":"https:\/\/jugulajm.net\/?p=56652","title":{"rendered":"EMRAT\/ Aksidenti n\u00eb Greqi, identifikohen 4 viktima me origjin\u00eb shqiptare"},"content":{"rendered":"<p>Ministrja e Jashtme b\u00ebri me dije k\u00ebt\u00eb t\u00eb Premte se\u00a0<em>\u201cpas komunikimit me autoritetet greke, n\u00eb radh\u00ebt e viktimave t\u00eb aksidentit tragjik hekurudhor n\u00eb Larisa konfirmohen deri m\u00eb tani kat\u00ebr shtetas shqiptar\u00eb dhe me origjin\u00eb shqiptare: Ifigjenia Micka, Pavlin Bozo, Joanis Xhollas, Klaudia Lato\u201d.<\/em><\/p>\n<p>Pritet p\u00ebrgjigja e ADN p\u00ebr nj\u00eb tjet\u00ebr shtetas shqiptar t\u00eb deklaruar \u201ci zhdukur\u201d nga familja dhe policia greke, thuhet m\u00eb tej n\u00eb njoftim.<\/p>\n<p>M\u00eb her\u00ebt gjat\u00eb dit\u00ebs, Komuniteti Shqiptar n\u00eb Greqi konfrimoi vdekjen e studentes shqiptare Klaudia Lata n\u00eb aksidentin e trenave n\u00eb Larisa. P\u00ebrmes nj\u00eb njoftimi n\u00eb FB, Komuniteti Shqiptar ka b\u00ebr\u00eb dhe nj\u00eb rrezyme t\u00eb jet\u00ebs s\u00eb 21-vje\u00e7ares e cila ishte nj\u00eb studente e shk\u00eblqyer n\u00eb Deg\u00ebn e Mjek\u00ebsis\u00eb Ushtarake.<\/p>\n<p>Lata raportohet po kthehej n\u00eb Selanik me tren p\u00ebr t\u00eb vijuar studimet, pas nj\u00eb q\u00ebndrimi 3 ditor n\u00eb Patra, ku festoi karanavalet.<\/p>\n<p><em>\u201cLarisa vajton p\u00ebr Klaudian 21-vje\u00e7are. Klaudia Lata \u00ebsht\u00eb nd\u00ebr viktimat e tragjedis\u00eb n\u00eb Tempi. Nj\u00eb vajz\u00eb e re, vet\u00ebm 21 vje\u00e7e, me gjith\u00eb jet\u00ebn p\u00ebrpara, Klaudia Lata \u00ebsht\u00eb nd\u00ebr viktimat e aksidentit hekurudhor t\u00eb s\u00eb mart\u00ebs mbr\u00ebma n\u00eb Tempi. Klaudia ka lindur n\u00eb Larisa dhe ka marr\u00eb n\u00ebnshtet\u00ebsin\u00eb greke, nd\u00ebrsa prind\u00ebrit e saj jan\u00eb pronar\u00eb t\u00eb nj\u00eb dyqani mishi n\u00eb qytet. Nx\u00ebn\u00ebse e shk\u00eblqyer n\u00eb shkoll\u00eb, hyri n\u00eb Deg\u00ebn e Mjek\u00ebsis\u00eb t\u00eb Shkoll\u00ebs Ushtarake t\u00eb Trupave t\u00eb Oficer\u00ebve. Studentja e re po kthehej n\u00eb Selanik pas nj\u00eb q\u00ebndrimi treditor n\u00eb Patra ku kishte shkuar p\u00ebr t\u00eb festuar karnavalet dhe mezi priste t\u00eb kthehej n\u00eb shkoll\u00eb\u201d,\u00a0<\/em>shkruan Komuniteti shqiptar n\u00eb Greqi p\u00ebrmes nj\u00eb postimi n\u00eb FB.<\/p>\n","protected":false},"excerpt":{"rendered":"<p>Ministrja e Jashtme b\u00ebri me dije k\u00ebt\u00eb t\u00eb Premte se\u00a0\u201cpas komunikimit me autoritetet greke, n\u00eb radh\u00ebt e viktimave t\u00eb aksidentit tragjik hekurudhor n\u00eb Larisa konfirmohen deri m\u00eb tani kat\u00ebr shtetas shqiptar\u00eb dhe me origjin\u00eb shqiptare: Ifigjenia Micka, Pavlin Bozo, Joanis Xhollas, Klaudia Lato\u201d. Pritet p\u00ebrgjigja e ADN p\u00ebr nj\u00eb tjet\u00ebr shtetas shqiptar t\u00eb deklaruar \u201ci [&hellip;]<\/p>\n","protected":false},"author":5,"featured_media":56653,"comment_status":"closed","ping_status":"open","sticky":false,"template":"","format":"standard","meta":{"footnotes":""},"categories":[1,6332],"tags":[22158,22159],"class_list":{"0":"post-56652","1":"post","2":"type-post","3":"status-publish","4":"format-standard","5":"has-post-thumbnail","7":"category-aktualitet","8":"category-te-fundit","9":"tag-emrat-aksidenti-ne-greqi","10":"tag-identifikohen-4-viktima-me-origjine-shqiptare"},"_links":{"self":[{"href":"https:\/\/jugulajm.net\/index.php?rest_route=\/wp\/v2\/posts\/56652","targetHints":{"allow":["GET"]}}],"collection":[{"href":"https:\/\/jugulajm.net\/index.php?rest_route=\/wp\/v2\/posts"}],"about":[{"href":"https:\/\/jugulajm.net\/index.php?rest_route=\/wp\/v2\/types\/post"}],"author":[{"embeddable":true,"href":"https:\/\/jugulajm.net\/index.php?rest_route=\/wp\/v2\/users\/5"}],"replies":[{"embeddable":true,"href":"https:\/\/jugulajm.net\/index.php?rest_route=%2Fwp%2Fv2%2Fcomments&post=56652"}],"version-history":[{"count":0,"href":"https:\/\/jugulajm.net\/index.php?rest_route=\/wp\/v2\/posts\/56652\/revisions"}],"wp:featuredmedia":[{"embeddable":true,"href":"https:\/\/jugulajm.net\/index.php?rest_route=\/wp\/v2\/media\/56653"}],"wp:attachment":[{"href":"https:\/\/jugulajm.net\/index.php?rest_route=%2Fwp%2Fv2%2Fmedia&parent=56652"}],"wp:term":[{"taxonomy":"category","embeddable":true,"href":"https:\/\/jugulajm.net\/index.php?rest_route=%2Fwp%2Fv2%2Fcategories&post=56652"},{"taxonomy":"post_tag","embeddable":true,"href":"https:\/\/jugulajm.net\/index.php?rest_route=%2Fwp%2Fv2%2Ftags&post=56652"}],"curies":[{"name":"wp","href":"https:\/\/api.w.org\/{rel}","templated":true}]}}