{"id":56622,"date":"2023-03-03T10:58:08","date_gmt":"2023-03-03T09:58:08","guid":{"rendered":"https:\/\/jugulajm.net\/?p=56622"},"modified":"2023-03-03T10:58:08","modified_gmt":"2023-03-03T09:58:08","slug":"e-tmerrshme-aksidenti-ne-greqi-denoncimi-i-forte-ne-stacion-po-festonin-me-muzike","status":"publish","type":"post","link":"https:\/\/jugulajm.net\/?p=56622","title":{"rendered":"E tmerrshme\/ Aksidenti n\u00eb Greqi, denoncimi i fort\u00eb: N\u00eb stacion po festonin me muzik\u00eb"},"content":{"rendered":"<p>Nj\u00eb denoncim i fort\u00eb \u00ebsht\u00eb b\u00ebr\u00eb nga nj\u00eb avokat, n\u00eb lidhje me aksidentin tragjik t\u00eb p\u00ebrplasjes s\u00eb dy trenave n\u00eb Greqi.<\/p>\n<p>Giorgos Bartzokis, avokat i nj\u00eb prej t\u00eb plagosurve nga aksidenti, ka deklaruar se n\u00eb stacionin OSE n\u00eb Larisa, po zhvillohej nj\u00eb fest\u00eb.<\/p>\n<p>Sipas tij, banor\u00eb t\u00eb zon\u00ebs i kan\u00eb th\u00ebne se pun\u00ebtor\u00ebt e stacionit po festonin me muzik\u00eb t\u00eb lart\u00eb dhe e kan\u00eb neglizhuar pun\u00ebn, duke sjell\u00eb dhe aksidentin fatal.<\/p>\n<p>\u201cN\u00eb momentin e aksidentit d\u00ebgjoheshin k\u00ebng\u00eb dhe brohoritje nga salla e stacionit t\u00eb Laris\u00ebs . Pasi treni u nis, sapo u largua nga zona e juridiksionit t\u00eb komandantit t\u00eb stacionit, filloi muzika [\u2026] Ata dukej se ishin n\u00eb nj\u00eb humor t\u00eb g\u00ebzuar\u201d, tha ai.<\/p>\n<p>Ngjarja e r\u00ebnd\u00eb ndodhi tre dit\u00eb m\u00eb par\u00eb pran\u00eb Laris\u00ebs n\u00eb Greqi. Treni me 350 udh\u00ebtar\u00eb q\u00eb ishte nisur nga Athina p\u00ebr n\u00eb Selanik \u00ebsht\u00eb p\u00ebrplasur me nj\u00eb tjet\u00ebr q\u00eb po transportonte mallra duke shkaktuar nj\u00eb bilanc tragjik me t\u00eb pakt\u00ebn 57 t\u00eb vdekur dhe 85 t\u00eb plagosur.<\/p>\n","protected":false},"excerpt":{"rendered":"<p>Nj\u00eb denoncim i fort\u00eb \u00ebsht\u00eb b\u00ebr\u00eb nga nj\u00eb avokat, n\u00eb lidhje me aksidentin tragjik t\u00eb p\u00ebrplasjes s\u00eb dy trenave n\u00eb Greqi. Giorgos Bartzokis, avokat i nj\u00eb prej t\u00eb plagosurve nga aksidenti, ka deklaruar se n\u00eb stacionin OSE n\u00eb Larisa, po zhvillohej nj\u00eb fest\u00eb. Sipas tij, banor\u00eb t\u00eb zon\u00ebs i kan\u00eb th\u00ebne se pun\u00ebtor\u00ebt e stacionit [&hellip;]<\/p>\n","protected":false},"author":5,"featured_media":56535,"comment_status":"open","ping_status":"open","sticky":false,"template":"","format":"standard","meta":{"footnotes":""},"categories":[1,6332],"tags":[22146,22145],"class_list":{"0":"post-56622","1":"post","2":"type-post","3":"status-publish","4":"format-standard","5":"has-post-thumbnail","7":"category-aktualitet","8":"category-te-fundit","9":"tag-denoncimi-i-forte-ne-stacion-po-festonin-me-muzike","10":"tag-e-tmerrshme-aksidenti-ne-greqi"},"_links":{"self":[{"href":"https:\/\/jugulajm.net\/index.php?rest_route=\/wp\/v2\/posts\/56622","targetHints":{"allow":["GET"]}}],"collection":[{"href":"https:\/\/jugulajm.net\/index.php?rest_route=\/wp\/v2\/posts"}],"about":[{"href":"https:\/\/jugulajm.net\/index.php?rest_route=\/wp\/v2\/types\/post"}],"author":[{"embeddable":true,"href":"https:\/\/jugulajm.net\/index.php?rest_route=\/wp\/v2\/users\/5"}],"replies":[{"embeddable":true,"href":"https:\/\/jugulajm.net\/index.php?rest_route=%2Fwp%2Fv2%2Fcomments&post=56622"}],"version-history":[{"count":0,"href":"https:\/\/jugulajm.net\/index.php?rest_route=\/wp\/v2\/posts\/56622\/revisions"}],"wp:featuredmedia":[{"embeddable":true,"href":"https:\/\/jugulajm.net\/index.php?rest_route=\/wp\/v2\/media\/56535"}],"wp:attachment":[{"href":"https:\/\/jugulajm.net\/index.php?rest_route=%2Fwp%2Fv2%2Fmedia&parent=56622"}],"wp:term":[{"taxonomy":"category","embeddable":true,"href":"https:\/\/jugulajm.net\/index.php?rest_route=%2Fwp%2Fv2%2Fcategories&post=56622"},{"taxonomy":"post_tag","embeddable":true,"href":"https:\/\/jugulajm.net\/index.php?rest_route=%2Fwp%2Fv2%2Ftags&post=56622"}],"curies":[{"name":"wp","href":"https:\/\/api.w.org\/{rel}","templated":true}]}}