{"id":56588,"date":"2023-03-02T09:38:52","date_gmt":"2023-03-02T08:38:52","guid":{"rendered":"https:\/\/jugulajm.net\/?p=56588"},"modified":"2023-03-02T09:38:52","modified_gmt":"2023-03-02T08:38:52","slug":"moti-sot-reshje-dhe-vranesira-te-lehta","status":"publish","type":"post","link":"https:\/\/jugulajm.net\/?p=56588","title":{"rendered":"Moti sot\/ Reshje dhe vran\u00ebsira t\u00eb lehta"},"content":{"rendered":"<p>Moti i paq\u00ebndruesh\u00ebm po dominon prej disa dit\u00ebsh n\u00eb t\u00eb gjith\u00eb vendin ton\u00eb, duke sjell\u00eb edhe gjat\u00eb t\u00eb enjtes mbizot\u00ebrim t\u00eb vran\u00ebsirave n\u00eb pothuajse gjith\u00eb dit\u00ebs n\u00eb nj\u00eb pjes\u00eb t\u00eb mir\u00eb t\u00eb territorit.<\/p>\n<p>Pritet q\u00eb her\u00eb pas here vran\u00ebsirat t\u00eb p\u00ebsojn\u00eb zhvillime t\u00eb p\u00ebrkoh\u00ebshme duke krijuar mud\u00ebsi p\u00ebr reshje t\u00eb pakta shiu dhe d\u00ebbore n\u00eb zona t\u00eb izoluara, ku m\u00eb t\u00eb dukshme reshjet do t\u00eb mbeten n\u00eb zonat Veriore dhe q\u00ebndrore gjat\u00eb or\u00ebve t\u00eb pasdites dhe mbr\u00ebmjes ku reshjet do t\u00eb jen\u00eb prezenet n\u00eb t\u00eb gjith\u00eb vendin.<\/p>\n<p>Sipas MeteoAlb,\u00a0temperaturat e ajrit do t\u00eb ulen ndjesh\u00ebm n\u00eb m\u00ebngjes dhe n\u00eb mesdit\u00eb duke u luhatur nga 1\u00b0C deri n\u00eb 14\u00b0C.<\/p>\n<p>Era do t\u00eb fryj\u00eb e leht\u00eb dhe mesatare me shpejt\u00ebsi 30 km\/h nga drejtimi Jugper\u00ebndimor duke sjell\u00eb n\u00eb brigjet detare dallg\u00ebzim 2 ball\u00eb.<\/p>\n","protected":false},"excerpt":{"rendered":"<p>Moti i paq\u00ebndruesh\u00ebm po dominon prej disa dit\u00ebsh n\u00eb t\u00eb gjith\u00eb vendin ton\u00eb, duke sjell\u00eb edhe gjat\u00eb t\u00eb enjtes mbizot\u00ebrim t\u00eb vran\u00ebsirave n\u00eb pothuajse gjith\u00eb dit\u00ebs n\u00eb nj\u00eb pjes\u00eb t\u00eb mir\u00eb t\u00eb territorit. Pritet q\u00eb her\u00eb pas here vran\u00ebsirat t\u00eb p\u00ebsojn\u00eb zhvillime t\u00eb p\u00ebrkoh\u00ebshme duke krijuar mud\u00ebsi p\u00ebr reshje t\u00eb pakta shiu dhe d\u00ebbore n\u00eb [&hellip;]<\/p>\n","protected":false},"author":5,"featured_media":55848,"comment_status":"open","ping_status":"open","sticky":false,"template":"","format":"standard","meta":{"footnotes":""},"categories":[7650,6332],"tags":[22133],"class_list":{"0":"post-56588","1":"post","2":"type-post","3":"status-publish","4":"format-standard","5":"has-post-thumbnail","7":"category-moti","8":"category-te-fundit","9":"tag-moti-sot-reshje-dhe-vranesira-te-lehta"},"_links":{"self":[{"href":"https:\/\/jugulajm.net\/index.php?rest_route=\/wp\/v2\/posts\/56588","targetHints":{"allow":["GET"]}}],"collection":[{"href":"https:\/\/jugulajm.net\/index.php?rest_route=\/wp\/v2\/posts"}],"about":[{"href":"https:\/\/jugulajm.net\/index.php?rest_route=\/wp\/v2\/types\/post"}],"author":[{"embeddable":true,"href":"https:\/\/jugulajm.net\/index.php?rest_route=\/wp\/v2\/users\/5"}],"replies":[{"embeddable":true,"href":"https:\/\/jugulajm.net\/index.php?rest_route=%2Fwp%2Fv2%2Fcomments&post=56588"}],"version-history":[{"count":0,"href":"https:\/\/jugulajm.net\/index.php?rest_route=\/wp\/v2\/posts\/56588\/revisions"}],"wp:featuredmedia":[{"embeddable":true,"href":"https:\/\/jugulajm.net\/index.php?rest_route=\/wp\/v2\/media\/55848"}],"wp:attachment":[{"href":"https:\/\/jugulajm.net\/index.php?rest_route=%2Fwp%2Fv2%2Fmedia&parent=56588"}],"wp:term":[{"taxonomy":"category","embeddable":true,"href":"https:\/\/jugulajm.net\/index.php?rest_route=%2Fwp%2Fv2%2Fcategories&post=56588"},{"taxonomy":"post_tag","embeddable":true,"href":"https:\/\/jugulajm.net\/index.php?rest_route=%2Fwp%2Fv2%2Ftags&post=56588"}],"curies":[{"name":"wp","href":"https:\/\/api.w.org\/{rel}","templated":true}]}}