{"id":56573,"date":"2023-03-01T18:41:19","date_gmt":"2023-03-01T17:41:19","guid":{"rendered":"https:\/\/jugulajm.net\/?p=56573"},"modified":"2023-03-01T18:41:19","modified_gmt":"2023-03-01T17:41:19","slug":"detaje-krimi-i-paralajmeruar-i-dan-hutres-dua-koke-njeriu-do-shkoje-gjaku-deri-ne-gju","status":"publish","type":"post","link":"https:\/\/jugulajm.net\/?p=56573","title":{"rendered":"DETAJE\/ Krimi i paralajm\u00ebruar i Dan Hutr\u00ebs: Dua kok\u00eb njeriu, do shkoj\u00eb gjaku deri n\u00eb gju"},"content":{"rendered":"<p>Detaje trondit\u00ebse kan\u00eb dal\u00eb n\u00eb drit\u00eb nga masakra e Paskuqanit, ku Dan Hutra q\u00eblloi p\u00ebr vdekje motr\u00ebn dhe kunat\u00ebn e ish-bashk\u00ebshortes, nd\u00ebrsa ekzekutoi n\u00eb Kam\u00ebz edhe ish-t\u00eb dashur\u00ebn e tij e m\u00eb pas q\u00eblloi me thik\u00eb duke e plagosur r\u00ebnd\u00eb t\u00eb dashur\u00ebn aktuale.<\/p>\n<p>A2CNN ka siguruar akt-padin\u00eb e ish-bashk\u00ebshortes s\u00eb autorit, Elena Hysa, e cila s\u00eb bashku me t\u00eb \u00ebm\u00ebn, mbet\u00ebn t\u00eb plagosura sot nga sulmi me arm\u00eb i Dan Hutr\u00ebs. D\u00ebshmia e saj \u00ebsht\u00eb v\u00ebrtet trondit\u00ebse, duke treguar disa episode ku \u00ebsht\u00eb dhunuar fizikisht dhe psikologjikisht nga ky shtetas n\u00eb dit\u00eb t\u00eb ndryshme si dhe \u00ebsht\u00eb trajtuar si \u2018skllave\u2019.<\/p>\n<p>Sipas d\u00ebshmis\u00eb n\u00eb fjal\u00eb, Elena thot\u00eb se ish-bashk\u00ebshorti i k\u00ebrkonte q\u00eb t\u2019ia hiqte dhe vishte \u00e7orapet nga k\u00ebmba, m\u00ebngjesin dhe kafen t\u2019ia \u00e7onte te krevati. Referuar vendimit t\u00eb Gjykat\u00ebs s\u00eb Rrethit Gjyq\u00ebsor Tiran\u00eb, akuzuesja, pra Elena Hysa ka treguar se \u00ebsht\u00eb goditur me shpulla n\u00eb prezenc\u00eb t\u00eb mamas\u00eb s\u00eb tij, Mislime Hutra.<\/p>\n<p>\u2018Para disa dit\u00ebsh ka pasur disa shqet\u00ebsime sh\u00ebndet\u00ebsore dhe s\u00eb bashku me vjehrr\u00ebn e saj kan\u00eb shkuar n\u00eb farmaci ku kan\u00eb marr\u00eb nj\u00eb test shtatz\u00ebnie. Pasi e ka aplikuar ka rezultuar pozitive dhe menj\u00ebher\u00eb ka telefonuar Danin p\u00ebr t\u2019i dh\u00ebn\u00eb lajmin. Ai e ka pritur shum\u00eb mir\u00eb dhe kan\u00eb organizuar nj\u00eb dark\u00eb familjare ku ka qen\u00eb t\u00eb ftuar t\u00eb dy familjet.<\/p>\n<p>Pas k\u00ebsaj kan\u00eb b\u00ebr\u00eb nj\u00eb eko barku dhe disa analiza.\u00a0 N\u00eb mbr\u00ebmje Dani ka komunikuar me spitalin ku ka marr\u00eb rezultatin e analizave, por nuk ka treguar gj\u00eb. N\u00eb m\u00ebngjes Dani i ka th\u00ebn\u00eb \u2018m\u00eb ke hy n\u00eb gjak\u2019 por nuk i ka treguar arsyen.<\/p>\n<p>Ai i kishte th\u00ebn\u00eb familjar\u00ebve t\u00eb tij se Elena ishte e s\u00ebmur\u00eb dhe jo shtatz\u00ebn\u00eb pasi ato e telefononin p\u00ebr ta pyetur si ishte gjendja e saj. Duke u ndodhur n\u00eb k\u00ebt\u00eb situat\u00eb \u00ebsht\u00eb larguar nga banesa dhe ka shkuar n\u00eb banes\u00ebn e prind\u00ebrve ku m\u00eb pas ka vajtur dhe shtetasi Dan Hutra duke drejtuar babait t\u00eb saj me fjal\u00ebt;\u00a0\u2018Dua kok\u00eb njeriu, do shkoj\u00eb gjaku deri n\u00eb gju sepse vajza juaj m\u00eb ka ikur nga sht\u00ebpia.\u2019<\/p>\n<p>P\u00ebrpara se t\u00eb largohej i ka k\u00ebrkuar babait t\u00eb vajz\u00ebs ti kthente 4 (kat\u00ebr) mij\u00eb euro, t\u00eb cilat ishin shpenzimet e fejes\u00ebs. Dit\u00ebn e djeshme n\u00ebna e saj shtetasja Kujtime Hysa i ka dh\u00ebn\u00eb 1850 (nj\u00eb mij\u00eb e tet\u00ebqind e pes\u00ebdhjet\u00eb) euro, por ai ka telefonuar p\u00ebrs\u00ebri duke k\u00ebrkuar pjes\u00ebn tjet\u00ebr e duke k\u00ebrc\u00ebnuar me fjal\u00ebt q\u00eb n\u00ebse nuk i gjejn\u00eb do vij te sht\u00ebpia e do ta bej vendin gjak.<\/p>\n<p>Pas k\u00ebsaj telefonate ka shkuar te sht\u00ebpia e tyre dhe ka k\u00ebrkuar pjes\u00ebn tjet\u00ebr duke th\u00ebn\u00eb: \u2018N\u00ebse nuk mi jepni do ta b\u00ebj vendin gjak, nuk do mbaj kopilin tuaj, do flasin mediat bot\u00ebrore p\u00ebr mua\u2019. Nd\u00ebr t\u00eb tjera ajo ka treguar se ndihet e frik\u00ebsuar p\u00ebr jet\u00ebn e saj dhe t\u00eb familjar\u00ebve pasi shtetasi Dan Hutra \u00ebsht\u00eb d\u00ebnuar m\u00eb par\u00eb p\u00ebr vrasjen e ish-bashk\u00ebshortes s\u00eb tij.\u2019, thuhet nd\u00ebr t\u00eb tjera n\u00eb vendimin e Gjykat\u00ebs s\u00eb Tiran\u00ebs.<\/p>\n","protected":false},"excerpt":{"rendered":"<p>Detaje trondit\u00ebse kan\u00eb dal\u00eb n\u00eb drit\u00eb nga masakra e Paskuqanit, ku Dan Hutra q\u00eblloi p\u00ebr vdekje motr\u00ebn dhe kunat\u00ebn e ish-bashk\u00ebshortes, nd\u00ebrsa ekzekutoi n\u00eb Kam\u00ebz edhe ish-t\u00eb dashur\u00ebn e tij e m\u00eb pas q\u00eblloi me thik\u00eb duke e plagosur r\u00ebnd\u00eb t\u00eb dashur\u00ebn aktuale. A2CNN ka siguruar akt-padin\u00eb e ish-bashk\u00ebshortes s\u00eb autorit, Elena Hysa, e cila [&hellip;]<\/p>\n","protected":false},"author":5,"featured_media":56575,"comment_status":"open","ping_status":"open","sticky":false,"template":"","format":"standard","meta":{"footnotes":""},"categories":[1,6332],"tags":[22128,22129],"class_list":{"0":"post-56573","1":"post","2":"type-post","3":"status-publish","4":"format-standard","5":"has-post-thumbnail","7":"category-aktualitet","8":"category-te-fundit","9":"tag-detaje-krimi-i-paralajmeruar-i-dan-hutres-dua-koke-njeriu","10":"tag-do-shkoje-gjaku-deri-ne-gju"},"_links":{"self":[{"href":"https:\/\/jugulajm.net\/index.php?rest_route=\/wp\/v2\/posts\/56573","targetHints":{"allow":["GET"]}}],"collection":[{"href":"https:\/\/jugulajm.net\/index.php?rest_route=\/wp\/v2\/posts"}],"about":[{"href":"https:\/\/jugulajm.net\/index.php?rest_route=\/wp\/v2\/types\/post"}],"author":[{"embeddable":true,"href":"https:\/\/jugulajm.net\/index.php?rest_route=\/wp\/v2\/users\/5"}],"replies":[{"embeddable":true,"href":"https:\/\/jugulajm.net\/index.php?rest_route=%2Fwp%2Fv2%2Fcomments&post=56573"}],"version-history":[{"count":0,"href":"https:\/\/jugulajm.net\/index.php?rest_route=\/wp\/v2\/posts\/56573\/revisions"}],"wp:featuredmedia":[{"embeddable":true,"href":"https:\/\/jugulajm.net\/index.php?rest_route=\/wp\/v2\/media\/56575"}],"wp:attachment":[{"href":"https:\/\/jugulajm.net\/index.php?rest_route=%2Fwp%2Fv2%2Fmedia&parent=56573"}],"wp:term":[{"taxonomy":"category","embeddable":true,"href":"https:\/\/jugulajm.net\/index.php?rest_route=%2Fwp%2Fv2%2Fcategories&post=56573"},{"taxonomy":"post_tag","embeddable":true,"href":"https:\/\/jugulajm.net\/index.php?rest_route=%2Fwp%2Fv2%2Ftags&post=56573"}],"curies":[{"name":"wp","href":"https:\/\/api.w.org\/{rel}","templated":true}]}}