{"id":56472,"date":"2023-02-27T09:35:37","date_gmt":"2023-02-27T08:35:37","guid":{"rendered":"https:\/\/jugulajm.net\/?p=56472"},"modified":"2023-02-27T09:35:57","modified_gmt":"2023-02-27T08:35:57","slug":"moti-sot-reshje-dhe-vranesira","status":"publish","type":"post","link":"https:\/\/jugulajm.net\/?p=56472","title":{"rendered":"Moti sot\/ Reshje dhe vran\u00ebsira"},"content":{"rendered":"<p>Or\u00ebt e para t\u00eb m\u00ebngjesit parashikohet t\u00eb jen\u00eb n\u00eb dominimin e vran\u00ebsirave t\u00eb shumta n\u00eb pothuajse gjith\u00eb vendin ton\u00eb, ku vran\u00ebsirat do t\u00eb sjellin reshje shiu t\u00eb cilat m\u00eb t\u00eb dukshme do t\u00eb jen\u00eb n\u00eb zonat Veriper\u00ebndimore dhe pjes\u00ebrisht n\u00eb q\u00ebnd\u00ebr t\u00eb Shqip\u00ebris\u00eb.<\/p>\n<p>Por n\u00eb or\u00ebt n\u00eb vijim pritet p\u00ebrmir\u00ebsim gradual i kushteve t\u00eb motit, duke sjell\u00eb dhe nd\u00ebrprerje t\u00eb reshjve n\u00eb intervale t\u00eb gjata kohore n\u00eb t\u00eb gjith\u00eb territorin.<\/p>\n<p>Sipas MeteoAlb, temperaturat e ajrit do t\u00eb rriten n\u00eb m\u00ebngjes dhe n\u00eb mesdit\u00eb duke u luhatur nga 3\u00b0C deri n\u00eb 17\u00b0C.<\/p>\n<p>Era do t\u00eb fryj\u00eb mesatare dhe e fort\u00eb me shpejt\u00ebsi 45 km\/h nga drejtimi Jugore duke sjell\u00eb n\u00eb brigjet detare dallg\u00ebzim 3 \u2013 4 ball\u00eb.<\/p>\n","protected":false},"excerpt":{"rendered":"<p>Or\u00ebt e para t\u00eb m\u00ebngjesit parashikohet t\u00eb jen\u00eb n\u00eb dominimin e vran\u00ebsirave t\u00eb shumta n\u00eb pothuajse gjith\u00eb vendin ton\u00eb, ku vran\u00ebsirat do t\u00eb sjellin reshje shiu t\u00eb cilat m\u00eb t\u00eb dukshme do t\u00eb jen\u00eb n\u00eb zonat Veriper\u00ebndimore dhe pjes\u00ebrisht n\u00eb q\u00ebnd\u00ebr t\u00eb Shqip\u00ebris\u00eb. Por n\u00eb or\u00ebt n\u00eb vijim pritet p\u00ebrmir\u00ebsim gradual i kushteve t\u00eb motit, [&hellip;]<\/p>\n","protected":false},"author":5,"featured_media":46557,"comment_status":"open","ping_status":"open","sticky":false,"template":"","format":"standard","meta":{"footnotes":""},"categories":[7650,6332],"tags":[22083],"class_list":{"0":"post-56472","1":"post","2":"type-post","3":"status-publish","4":"format-standard","5":"has-post-thumbnail","7":"category-moti","8":"category-te-fundit","9":"tag-moti-sot-reshje-dhe-vranesira"},"_links":{"self":[{"href":"https:\/\/jugulajm.net\/index.php?rest_route=\/wp\/v2\/posts\/56472","targetHints":{"allow":["GET"]}}],"collection":[{"href":"https:\/\/jugulajm.net\/index.php?rest_route=\/wp\/v2\/posts"}],"about":[{"href":"https:\/\/jugulajm.net\/index.php?rest_route=\/wp\/v2\/types\/post"}],"author":[{"embeddable":true,"href":"https:\/\/jugulajm.net\/index.php?rest_route=\/wp\/v2\/users\/5"}],"replies":[{"embeddable":true,"href":"https:\/\/jugulajm.net\/index.php?rest_route=%2Fwp%2Fv2%2Fcomments&post=56472"}],"version-history":[{"count":0,"href":"https:\/\/jugulajm.net\/index.php?rest_route=\/wp\/v2\/posts\/56472\/revisions"}],"wp:featuredmedia":[{"embeddable":true,"href":"https:\/\/jugulajm.net\/index.php?rest_route=\/wp\/v2\/media\/46557"}],"wp:attachment":[{"href":"https:\/\/jugulajm.net\/index.php?rest_route=%2Fwp%2Fv2%2Fmedia&parent=56472"}],"wp:term":[{"taxonomy":"category","embeddable":true,"href":"https:\/\/jugulajm.net\/index.php?rest_route=%2Fwp%2Fv2%2Fcategories&post=56472"},{"taxonomy":"post_tag","embeddable":true,"href":"https:\/\/jugulajm.net\/index.php?rest_route=%2Fwp%2Fv2%2Ftags&post=56472"}],"curies":[{"name":"wp","href":"https:\/\/api.w.org\/{rel}","templated":true}]}}