{"id":56408,"date":"2023-02-24T15:08:14","date_gmt":"2023-02-24T14:08:14","guid":{"rendered":"https:\/\/jugulajm.net\/?p=56408"},"modified":"2023-02-24T15:08:14","modified_gmt":"2023-02-24T14:08:14","slug":"video-skandal-pamje-te-renda-vajzat-e-nje-shkolle-9-vjecare-shkelmojne-bashkemoshataren","status":"publish","type":"post","link":"https:\/\/jugulajm.net\/?p=56408","title":{"rendered":"VIDEO-SKANDAL\/ Pamje t\u00eb r\u00ebnda, vajzat e nj\u00eb shkolle 9-vje\u00e7are shkelmojn\u00eb bashk\u00ebmoshataren"},"content":{"rendered":"<p>Nj\u00eb video e nj\u00eb sherri mes nx\u00ebnesve n\u00eb nj\u00eb shkoll\u00eb 9-vje\u00e7are n\u00eb Tiran\u00eb po b\u00ebn xhiron e rrjetit.<\/p>\n<p>N\u00eb video shihen disa vazja q\u00eb kapin nga flok\u00ebt dhe godasin nj\u00eb vajz\u00eb p\u00ebr disa sekonda derisa vajza arrin t\u00eb largohet. Ngjarja ka ndodhur pran\u00eb shkoll\u00ebs 9-vje\u00e7are &#8220;Kongresi i Manastirit&#8221;.<\/p>\n<p>Nuk dihet se \u00e7far\u00eb e ka shtyr\u00eb konfliktin e tyre t\u00eb degradoj\u00eb deri n\u00eb k\u00ebt\u00eb faz\u00eb, por ajo q\u00eb vihet re \u00ebsht\u00eb se vajzat jan\u00eb me uniforma dhe \u00e7anta shkolle, dhe askush aty pran\u00eb nuk nd\u00ebrhyn p\u00ebr ti ndar\u00eb.<\/p>\n<p>Pamje t\u00eb tilla tregojn\u00eb se edukimi i brezave sot mbetet ende problem dhe nj\u00eb plag\u00eb e r\u00ebnd\u00eb p\u00ebr shoq\u00ebrin\u00eb, qofshin k\u00ebto vazja apo djem.<\/p>\n<div style=\"width: 202px;\" class=\"wp-video\"><!--[if lt IE 9]><script>document.createElement('video');<\/script><![endif]-->\n<video class=\"wp-video-shortcode\" id=\"video-56408-1\" width=\"202\" height=\"360\" preload=\"metadata\" controls=\"controls\"><source type=\"video\/mp4\" src=\"https:\/\/jugulajm.net\/wp-content\/uploads\/2023\/02\/Pamje-te-renda-vajzat-e-nje-shkolle-9-vjecare-shkelmojne-dhe-kapin-per-flokesh-njera-tjetren-Vendi.mp4?_=1\" \/><a href=\"https:\/\/jugulajm.net\/wp-content\/uploads\/2023\/02\/Pamje-te-renda-vajzat-e-nje-shkolle-9-vjecare-shkelmojne-dhe-kapin-per-flokesh-njera-tjetren-Vendi.mp4\">https:\/\/jugulajm.net\/wp-content\/uploads\/2023\/02\/Pamje-te-renda-vajzat-e-nje-shkolle-9-vjecare-shkelmojne-dhe-kapin-per-flokesh-njera-tjetren-Vendi.mp4<\/a><\/video><\/div>\n","protected":false},"excerpt":{"rendered":"<p>Nj\u00eb video e nj\u00eb sherri mes nx\u00ebnesve n\u00eb nj\u00eb shkoll\u00eb 9-vje\u00e7are n\u00eb Tiran\u00eb po b\u00ebn xhiron e rrjetit. N\u00eb video shihen disa vazja q\u00eb kapin nga flok\u00ebt dhe godasin nj\u00eb vajz\u00eb p\u00ebr disa sekonda derisa vajza arrin t\u00eb largohet. Ngjarja ka ndodhur pran\u00eb shkoll\u00ebs 9-vje\u00e7are &#8220;Kongresi i Manastirit&#8221;. Nuk dihet se \u00e7far\u00eb e ka shtyr\u00eb [&hellip;]<\/p>\n","protected":false},"author":5,"featured_media":56410,"comment_status":"open","ping_status":"open","sticky":false,"template":"","format":"standard","meta":{"footnotes":""},"categories":[1,7520,6332],"tags":[22056,22055],"class_list":{"0":"post-56408","1":"post","2":"type-post","3":"status-publish","4":"format-standard","5":"has-post-thumbnail","7":"category-aktualitet","8":"category-arsim","9":"category-te-fundit","10":"tag-vajzat-e-nje-shkolle-9-vjecare-shkelmojne-bashkemoshataren","11":"tag-video-skandal-pamje-te-renda"},"_links":{"self":[{"href":"https:\/\/jugulajm.net\/index.php?rest_route=\/wp\/v2\/posts\/56408","targetHints":{"allow":["GET"]}}],"collection":[{"href":"https:\/\/jugulajm.net\/index.php?rest_route=\/wp\/v2\/posts"}],"about":[{"href":"https:\/\/jugulajm.net\/index.php?rest_route=\/wp\/v2\/types\/post"}],"author":[{"embeddable":true,"href":"https:\/\/jugulajm.net\/index.php?rest_route=\/wp\/v2\/users\/5"}],"replies":[{"embeddable":true,"href":"https:\/\/jugulajm.net\/index.php?rest_route=%2Fwp%2Fv2%2Fcomments&post=56408"}],"version-history":[{"count":0,"href":"https:\/\/jugulajm.net\/index.php?rest_route=\/wp\/v2\/posts\/56408\/revisions"}],"wp:featuredmedia":[{"embeddable":true,"href":"https:\/\/jugulajm.net\/index.php?rest_route=\/wp\/v2\/media\/56410"}],"wp:attachment":[{"href":"https:\/\/jugulajm.net\/index.php?rest_route=%2Fwp%2Fv2%2Fmedia&parent=56408"}],"wp:term":[{"taxonomy":"category","embeddable":true,"href":"https:\/\/jugulajm.net\/index.php?rest_route=%2Fwp%2Fv2%2Fcategories&post=56408"},{"taxonomy":"post_tag","embeddable":true,"href":"https:\/\/jugulajm.net\/index.php?rest_route=%2Fwp%2Fv2%2Ftags&post=56408"}],"curies":[{"name":"wp","href":"https:\/\/api.w.org\/{rel}","templated":true}]}}