{"id":56399,"date":"2023-02-24T11:20:45","date_gmt":"2023-02-24T10:20:45","guid":{"rendered":"https:\/\/jugulajm.net\/?p=56399"},"modified":"2023-02-24T11:29:15","modified_gmt":"2023-02-24T10:29:15","slug":"foto-rama-rikthem-veshtrimin-nga-bime-e-uron-per-ditelindje-me-nje-shishe-vere","status":"publish","type":"post","link":"https:\/\/jugulajm.net\/?p=56399","title":{"rendered":"FOTO\/ Rama rikthem v\u00ebshtrimin nga Bime, e uron p\u00ebr dit\u00eblindje me nj\u00eb shishe ver\u00eb"},"content":{"rendered":"<p>Kryetari i Partise Socialiste dhe Kryeministri i Shqiperise, Edi Rama, ka respektuar Flamur Bimen.<\/p>\n<p>Ka qene dita e lindjes e zotit Bime ajo qe ka bere te mundur, qe Rama te rihedh vemendjen e tij ndaj Bimes.<\/p>\n<p>Permes nje urimi special dhe nje shishe vere te dedikuar, Rama i ka uruar ditlindjen ish-kryebashkiakut socialist te Gjirokastres.<\/p>\n<p>Kujtojme se Bime, anetar i hershem i Partise Socialiste ka qene Kryetar Bashkie i Gjirokastres per 11 vjet rresht nga viti 2004 deri ne vitin 2015.<\/p>\n<p><img decoding=\"async\" src=\"https:\/\/scontent.ftia14-1.fna.fbcdn.net\/v\/t1.15752-9\/328009391_593485758971815_752560947338713097_n.jpg?_nc_cat=104&amp;ccb=1-7&amp;_nc_sid=ae9488&amp;_nc_ohc=5l5ApWkCM4sAX8i3xii&amp;_nc_ht=scontent.ftia14-1.fna&amp;oh=03_AdQKCCHF3ntgFNJ5VAUQBxE6NzsZI1TKRyhCqVqpNZdIdA&amp;oe=641FF823\" alt=\"Nuk ka asnj\u00eb p\u00ebrshkrim t\u00eb disponuesh\u00ebm\" \/><\/p>\n","protected":false},"excerpt":{"rendered":"<p>Kryetari i Partise Socialiste dhe Kryeministri i Shqiperise, Edi Rama, ka respektuar Flamur Bimen. Ka qene dita e lindjes e zotit Bime ajo qe ka bere te mundur, qe Rama te rihedh vemendjen e tij ndaj Bimes. Permes nje urimi special dhe nje shishe vere te dedikuar, Rama i ka uruar ditlindjen ish-kryebashkiakut socialist te [&hellip;]<\/p>\n","protected":false},"author":5,"featured_media":56401,"comment_status":"open","ping_status":"open","sticky":false,"template":"","format":"standard","meta":{"footnotes":""},"categories":[6326,6332],"tags":[22049,20432,22050,22048,22051],"class_list":{"0":"post-56399","1":"post","2":"type-post","3":"status-publish","4":"format-standard","5":"has-post-thumbnail","7":"category-politike","8":"category-te-fundit","9":"tag-e-uron-per-ditelindje-me-nje-shishe-vere","10":"tag-edi-rama","11":"tag-flamur-bime","12":"tag-foto-rama-rikthem-veshtrimin-nga-bime","13":"tag-gjirokastra"},"_links":{"self":[{"href":"https:\/\/jugulajm.net\/index.php?rest_route=\/wp\/v2\/posts\/56399","targetHints":{"allow":["GET"]}}],"collection":[{"href":"https:\/\/jugulajm.net\/index.php?rest_route=\/wp\/v2\/posts"}],"about":[{"href":"https:\/\/jugulajm.net\/index.php?rest_route=\/wp\/v2\/types\/post"}],"author":[{"embeddable":true,"href":"https:\/\/jugulajm.net\/index.php?rest_route=\/wp\/v2\/users\/5"}],"replies":[{"embeddable":true,"href":"https:\/\/jugulajm.net\/index.php?rest_route=%2Fwp%2Fv2%2Fcomments&post=56399"}],"version-history":[{"count":0,"href":"https:\/\/jugulajm.net\/index.php?rest_route=\/wp\/v2\/posts\/56399\/revisions"}],"wp:featuredmedia":[{"embeddable":true,"href":"https:\/\/jugulajm.net\/index.php?rest_route=\/wp\/v2\/media\/56401"}],"wp:attachment":[{"href":"https:\/\/jugulajm.net\/index.php?rest_route=%2Fwp%2Fv2%2Fmedia&parent=56399"}],"wp:term":[{"taxonomy":"category","embeddable":true,"href":"https:\/\/jugulajm.net\/index.php?rest_route=%2Fwp%2Fv2%2Fcategories&post=56399"},{"taxonomy":"post_tag","embeddable":true,"href":"https:\/\/jugulajm.net\/index.php?rest_route=%2Fwp%2Fv2%2Ftags&post=56399"}],"curies":[{"name":"wp","href":"https:\/\/api.w.org\/{rel}","templated":true}]}}