{"id":56327,"date":"2023-02-21T18:17:18","date_gmt":"2023-02-21T17:17:18","guid":{"rendered":"https:\/\/jugulajm.net\/?p=56327"},"modified":"2023-02-21T18:17:18","modified_gmt":"2023-02-21T17:17:18","slug":"termeti-paralajmerimi-i-tmerrshem-i-shkencetarit-turk-rradhen-e-ka-stambolli","status":"publish","type":"post","link":"https:\/\/jugulajm.net\/?p=56327","title":{"rendered":"T\u00ebrmeti\/ Paralajm\u00ebrimi i tmerrsh\u00ebm i shkenc\u00ebtarit turk: Rradh\u00ebn e ka Stambolli"},"content":{"rendered":"<p>Pas disa t\u00ebrmeteve shkat\u00ebrrimtare n\u00eb Turqi e Siri, ku mbi 45 mij\u00eb persona kan\u00eb vdekur dhe qindra t\u00eb tjer\u00eb vijojn\u00eb t\u00eb jen\u00eb n\u00ebn rr\u00ebnoja, nj\u00eb paralajm\u00ebrim tjet\u00ebr ka ardhur.<\/p>\n<p>Gjeoshkenc\u00ebtari turk, Prof. Dr. Naci Gorur ka deklaruar se provinca q\u00eb u godit mbr\u00ebm\u00eb, Hatay, p\u00ebr nj\u00eb koh\u00eb m\u00eb nuk do t\u00eb ket\u00eb probleme me t\u00ebrmete.<\/p>\n<p><em>\u201cHatay e ka zbrazur energjin\u00eb e saj; koha po afrohet p\u00ebr Stambollin, n\u00ebse nuk p\u00ebrgatitemi, do t\u00eb jet\u00eb shkat\u00ebrrues p\u00ebr vendin ton\u00eb\u201d,<\/em>\u00a0pohoi ai p\u00ebr t24.<\/p>\n<p><em>\u201cUn\u00eb dhe miqt\u00eb e mi gjeoshkenc\u00ebtar\u00eb i b\u00ebm\u00eb k\u00ebto paralajm\u00ebrime, por askush nuk na d\u00ebgjoi dhe nuk na e vuri veshin. Jo vet\u00ebm q\u00eb nuk u konsultuam, por edhe fotografia e t\u00ebrmeteve n\u00eb Kahramanmaras tregonte se nuk kishte p\u00ebrgatitje t\u00eb mjaftueshme\u201d,<\/em>\u00a0shtoi Gorur.<\/p>\n<p>Dy t\u00ebrmete ran\u00eb dje n\u00eb Hataj, dhe Agjencia turke e Menaxhimit t\u00eb Fatkeq\u00ebsive dhe Emergjencave (AFAD) njoftoi se t\u00ebrmeti i par\u00eb ishte me magnitud\u00eb prej 6.4 ball\u00ebsh nd\u00ebrsa i dyti me 5.8 shkall\u00ebsh t\u00eb Rihterit.<\/p>\n<p>Tre persona humb\u00ebn jet\u00ebn, dhe 213 t\u00eb tjer\u00eb u plagos\u00ebn.<\/p>\n","protected":false},"excerpt":{"rendered":"<p>Pas disa t\u00ebrmeteve shkat\u00ebrrimtare n\u00eb Turqi e Siri, ku mbi 45 mij\u00eb persona kan\u00eb vdekur dhe qindra t\u00eb tjer\u00eb vijojn\u00eb t\u00eb jen\u00eb n\u00ebn rr\u00ebnoja, nj\u00eb paralajm\u00ebrim tjet\u00ebr ka ardhur. Gjeoshkenc\u00ebtari turk, Prof. Dr. Naci Gorur ka deklaruar se provinca q\u00eb u godit mbr\u00ebm\u00eb, Hatay, p\u00ebr nj\u00eb koh\u00eb m\u00eb nuk do t\u00eb ket\u00eb probleme me t\u00ebrmete. [&hellip;]<\/p>\n","protected":false},"author":5,"featured_media":56328,"comment_status":"open","ping_status":"open","sticky":false,"template":"","format":"standard","meta":{"footnotes":""},"categories":[1,7664,6332],"tags":[22016],"class_list":{"0":"post-56327","1":"post","2":"type-post","3":"status-publish","4":"format-standard","5":"has-post-thumbnail","7":"category-aktualitet","8":"category-bota","9":"category-te-fundit","10":"tag-termeti-paralajmerimi-i-tmerrshem-i-shkencetarit-turk-rradhen-e-ka-stambolli"},"_links":{"self":[{"href":"https:\/\/jugulajm.net\/index.php?rest_route=\/wp\/v2\/posts\/56327","targetHints":{"allow":["GET"]}}],"collection":[{"href":"https:\/\/jugulajm.net\/index.php?rest_route=\/wp\/v2\/posts"}],"about":[{"href":"https:\/\/jugulajm.net\/index.php?rest_route=\/wp\/v2\/types\/post"}],"author":[{"embeddable":true,"href":"https:\/\/jugulajm.net\/index.php?rest_route=\/wp\/v2\/users\/5"}],"replies":[{"embeddable":true,"href":"https:\/\/jugulajm.net\/index.php?rest_route=%2Fwp%2Fv2%2Fcomments&post=56327"}],"version-history":[{"count":0,"href":"https:\/\/jugulajm.net\/index.php?rest_route=\/wp\/v2\/posts\/56327\/revisions"}],"wp:featuredmedia":[{"embeddable":true,"href":"https:\/\/jugulajm.net\/index.php?rest_route=\/wp\/v2\/media\/56328"}],"wp:attachment":[{"href":"https:\/\/jugulajm.net\/index.php?rest_route=%2Fwp%2Fv2%2Fmedia&parent=56327"}],"wp:term":[{"taxonomy":"category","embeddable":true,"href":"https:\/\/jugulajm.net\/index.php?rest_route=%2Fwp%2Fv2%2Fcategories&post=56327"},{"taxonomy":"post_tag","embeddable":true,"href":"https:\/\/jugulajm.net\/index.php?rest_route=%2Fwp%2Fv2%2Ftags&post=56327"}],"curies":[{"name":"wp","href":"https:\/\/api.w.org\/{rel}","templated":true}]}}