{"id":56280,"date":"2023-02-20T15:49:52","date_gmt":"2023-02-20T14:49:52","guid":{"rendered":"https:\/\/jugulajm.net\/?p=56280"},"modified":"2023-02-20T15:49:52","modified_gmt":"2023-02-20T14:49:52","slug":"20-shkurt-1991-shehu-ndryshimi-u-realizua-se-njerezit-u-ngriten","status":"publish","type":"post","link":"https:\/\/jugulajm.net\/?p=56280","title":{"rendered":"20 shkurt 1991\/ Shehu: Ndryshimi u realizua se njer\u00ebzit u ngrit\u00ebn"},"content":{"rendered":"<p>Deputeti i PD-s\u00eb per Qarkun Gjiurokaster, Tritan Shehu, ka kujtuar rr\u00ebzmin e bustit s\u00eb ish-diktatorit Enver Hoxha m\u00eb 20 shkurt t\u00eb vitit 1991.<\/p>\n<p>N\u00eb postimin e tij n\u00eb fb, Shehu ka theksuar se nuk duhet harruar dhjetori i vitit 1990 q\u00eb solli ndryshimin, teksa ka shtuar se \u201cfatkeq\u00ebsisht p\u00ebrs\u00ebri koha dhe zhvillimet k\u00ebrkojn\u00eb nj\u00eb l\u00ebvizje t\u00eb ngjashme\u201d.<\/p>\n<p><strong>Ja postimi i plot\u00eb i Shehut:<\/strong><\/p>\n<p><em>Kurre nuk duhet ta harojme, oren 14,10 te 20 Shkurtit 1991.<\/em><\/p>\n<p>Rienien<em> simbolike te diktatorit me diktaturen bashke!<\/em><\/p>\n<p><em>Ata qindra studente heroike, qe u futen ne ate Greve Urije.<\/em><\/p>\n<p><em>Aq sa nuk i nxinte ai kinoklub \u201cStudenti\u201d.<\/em><\/p>\n<p><em>Shume te tjere ngelen jashte, duke tentuar te hyjne edhe nga catia.<\/em><\/p>\n<p><em>Ata dhjetra mijra banore te Tiranes te mbledhur reth tyre e qe me tej u \u201cderdhen\u201d drejt Sheshit Skenderbej.<\/em><\/p>\n<p><em>Per te rrezuar e terhequr zvare ate monument, qe perfaqesone krimet, izolimin, persekutimin etj, te nje diktature ekstreme 45 vjecare.<\/em><\/p>\n<p><em>Ata trima e te vendosur, qe u bene autoret konkrete e realizuesit e asaj, qe e pame me entusiazem te pa shembullte nga disa metra me larg, pikerisht ne oren 14,10.<\/em><\/p>\n<p><em>Permbysjen e e asaj mase obskurantiste metalike!<\/em><\/p>\n<p><em>Nuk duhet haruar kurre ai moment e historia e asaj periudhe prej Dhjetorit 1990, qe sollen ndryshimin.<\/em><\/p>\n<p><em>Haresa sjell riperseritjen, edhe te \u201cerresises\u201d vete!<\/em><\/p>\n<p><em>Ndryshimi u realizua sepse njerezit u \u201cngriten\u201d!<\/em><\/p>\n<p><em>Fatkeqesisht perseri \u201ckoha\u201d dhe zhvillimet kerkojne nje levizje te tille!<\/em><\/p>\n","protected":false},"excerpt":{"rendered":"<p>Deputeti i PD-s\u00eb per Qarkun Gjiurokaster, Tritan Shehu, ka kujtuar rr\u00ebzmin e bustit s\u00eb ish-diktatorit Enver Hoxha m\u00eb 20 shkurt t\u00eb vitit 1991. N\u00eb postimin e tij n\u00eb fb, Shehu ka theksuar se nuk duhet harruar dhjetori i vitit 1990 q\u00eb solli ndryshimin, teksa ka shtuar se \u201cfatkeq\u00ebsisht p\u00ebrs\u00ebri koha dhe zhvillimet k\u00ebrkojn\u00eb nj\u00eb l\u00ebvizje [&hellip;]<\/p>\n","protected":false},"author":5,"featured_media":56281,"comment_status":"open","ping_status":"open","sticky":false,"template":"","format":"standard","meta":{"footnotes":""},"categories":[1,6326,6332],"tags":[21990],"class_list":{"0":"post-56280","1":"post","2":"type-post","3":"status-publish","4":"format-standard","5":"has-post-thumbnail","7":"category-aktualitet","8":"category-politike","9":"category-te-fundit","10":"tag-20-shkurt-1991-shehu-ndryshimi-u-realizua-se-njerezit-u-ngriten"},"_links":{"self":[{"href":"https:\/\/jugulajm.net\/index.php?rest_route=\/wp\/v2\/posts\/56280","targetHints":{"allow":["GET"]}}],"collection":[{"href":"https:\/\/jugulajm.net\/index.php?rest_route=\/wp\/v2\/posts"}],"about":[{"href":"https:\/\/jugulajm.net\/index.php?rest_route=\/wp\/v2\/types\/post"}],"author":[{"embeddable":true,"href":"https:\/\/jugulajm.net\/index.php?rest_route=\/wp\/v2\/users\/5"}],"replies":[{"embeddable":true,"href":"https:\/\/jugulajm.net\/index.php?rest_route=%2Fwp%2Fv2%2Fcomments&post=56280"}],"version-history":[{"count":0,"href":"https:\/\/jugulajm.net\/index.php?rest_route=\/wp\/v2\/posts\/56280\/revisions"}],"wp:featuredmedia":[{"embeddable":true,"href":"https:\/\/jugulajm.net\/index.php?rest_route=\/wp\/v2\/media\/56281"}],"wp:attachment":[{"href":"https:\/\/jugulajm.net\/index.php?rest_route=%2Fwp%2Fv2%2Fmedia&parent=56280"}],"wp:term":[{"taxonomy":"category","embeddable":true,"href":"https:\/\/jugulajm.net\/index.php?rest_route=%2Fwp%2Fv2%2Fcategories&post=56280"},{"taxonomy":"post_tag","embeddable":true,"href":"https:\/\/jugulajm.net\/index.php?rest_route=%2Fwp%2Fv2%2Ftags&post=56280"}],"curies":[{"name":"wp","href":"https:\/\/api.w.org\/{rel}","templated":true}]}}