{"id":56196,"date":"2023-02-17T13:19:10","date_gmt":"2023-02-17T12:19:10","guid":{"rendered":"https:\/\/jugulajm.net\/?p=56196"},"modified":"2023-02-17T13:19:31","modified_gmt":"2023-02-17T12:19:31","slug":"kerkesa-e-alda-klosit-te-henen-ne-apel-kam-mamane-semure-ndaj","status":"publish","type":"post","link":"https:\/\/jugulajm.net\/?p=56196","title":{"rendered":"K\u00ebrkesa e Alda Klosit t\u00eb h\u00ebn\u00ebn n\u00eb Apel: Kam maman\u00eb s\u00ebmur\u00eb ndaj&#8230;"},"content":{"rendered":"<p>Ish-zyrtarja Alda Klosi do t\u00eb dal\u00eb k\u00ebt\u00eb t\u00eb h\u00ebn\u00eb n\u00eb Apel ku do t\u00eb k\u00ebrkoj\u00eb nj\u00eb mas\u00eb m\u00eb t\u00eb but\u00eb sigurie.<\/p>\n<p>Klosi \u00ebsht\u00eb d\u00ebnuar me arrest me burg, nd\u00ebrsa gjyqtarja e cila do t\u00eb shqyrtoj\u00eb \u00e7\u00ebshtjen e ankimit \u00ebsht\u00eb Irena Brahimi.<\/p>\n<div class=\"td-a-ad id_inline_ad0 id_ad_content-horiz-center\">\n<div class=\"mobile-hide\" align=\"center\">\n<p style=\"text-align: left;\">Sipas avokatit ajo k\u00ebrkon lirin\u00eb n\u00eb Apel me argumentin se ka 2 f\u00ebmij\u00eb t\u00eb mitur edhe n\u00ebn\u00ebn e saj t\u00eb verb\u00ebr p\u00ebr t\u2019u kujdesur p\u00ebr ta.<\/p>\n<\/div>\n<\/div>\n<p>Izh-zyrtarja akuzohet p\u00ebr vepr\u00ebn penale t\u00eb pastrimit t\u00eb parave dhe produkteve t\u00eb vepr\u00ebs penale.<\/p>\n<p>Alda Klosi \u00ebsht\u00eb pronarja e banes\u00ebs, n\u00eb t\u00eb cil\u00ebn sanitarja Rozeta Dobi dhe djali i saj Havier Dobi grabit\u00ebn nj\u00eb shum\u00eb rreth 120 mij\u00eb euro.<\/p>\n<p>Vjedhja n\u00eb banes\u00ebn e ish-zyrtares s\u00eb lart\u00eb ndodhi m\u00eb 15 dhjetor t\u00eb vitit 2022.<\/p>\n<p>Pas raportimin n\u00eb polici t\u00eb vjedhjes dhe kontrolleve t\u00eb kryera n\u00eb banes\u00ebn e n\u00ebn\u00eb e bir, u gjet\u00ebn rreth 405 mij\u00eb euro, 8500 dollar\u00eb dhe aksesor\u00eb floriri, t\u00eb cilat dyshohet gjithashtu se jan\u00eb vjedhur nga pastruesja Rozeta Dobi.<\/p>\n","protected":false},"excerpt":{"rendered":"<p>Ish-zyrtarja Alda Klosi do t\u00eb dal\u00eb k\u00ebt\u00eb t\u00eb h\u00ebn\u00eb n\u00eb Apel ku do t\u00eb k\u00ebrkoj\u00eb nj\u00eb mas\u00eb m\u00eb t\u00eb but\u00eb sigurie. Klosi \u00ebsht\u00eb d\u00ebnuar me arrest me burg, nd\u00ebrsa gjyqtarja e cila do t\u00eb shqyrtoj\u00eb \u00e7\u00ebshtjen e ankimit \u00ebsht\u00eb Irena Brahimi. Sipas avokatit ajo k\u00ebrkon lirin\u00eb n\u00eb Apel me argumentin se ka 2 f\u00ebmij\u00eb t\u00eb [&hellip;]<\/p>\n","protected":false},"author":5,"featured_media":54945,"comment_status":"open","ping_status":"open","sticky":false,"template":"","format":"standard","meta":{"footnotes":""},"categories":[1,6332],"tags":[21942],"class_list":{"0":"post-56196","1":"post","2":"type-post","3":"status-publish","4":"format-standard","5":"has-post-thumbnail","7":"category-aktualitet","8":"category-te-fundit","9":"tag-kerkesa-e-alda-klosit-te-henen-ne-apel-kam-mamane-semure-ndaj"},"_links":{"self":[{"href":"https:\/\/jugulajm.net\/index.php?rest_route=\/wp\/v2\/posts\/56196","targetHints":{"allow":["GET"]}}],"collection":[{"href":"https:\/\/jugulajm.net\/index.php?rest_route=\/wp\/v2\/posts"}],"about":[{"href":"https:\/\/jugulajm.net\/index.php?rest_route=\/wp\/v2\/types\/post"}],"author":[{"embeddable":true,"href":"https:\/\/jugulajm.net\/index.php?rest_route=\/wp\/v2\/users\/5"}],"replies":[{"embeddable":true,"href":"https:\/\/jugulajm.net\/index.php?rest_route=%2Fwp%2Fv2%2Fcomments&post=56196"}],"version-history":[{"count":0,"href":"https:\/\/jugulajm.net\/index.php?rest_route=\/wp\/v2\/posts\/56196\/revisions"}],"wp:featuredmedia":[{"embeddable":true,"href":"https:\/\/jugulajm.net\/index.php?rest_route=\/wp\/v2\/media\/54945"}],"wp:attachment":[{"href":"https:\/\/jugulajm.net\/index.php?rest_route=%2Fwp%2Fv2%2Fmedia&parent=56196"}],"wp:term":[{"taxonomy":"category","embeddable":true,"href":"https:\/\/jugulajm.net\/index.php?rest_route=%2Fwp%2Fv2%2Fcategories&post=56196"},{"taxonomy":"post_tag","embeddable":true,"href":"https:\/\/jugulajm.net\/index.php?rest_route=%2Fwp%2Fv2%2Ftags&post=56196"}],"curies":[{"name":"wp","href":"https:\/\/api.w.org\/{rel}","templated":true}]}}