{"id":56136,"date":"2023-02-15T10:10:48","date_gmt":"2023-02-15T09:10:48","guid":{"rendered":"https:\/\/jugulajm.net\/?p=56136"},"modified":"2023-02-15T10:16:09","modified_gmt":"2023-02-15T09:16:09","slug":"video-memaliaj-si-kandahari-tregtaret-shesin-ne-rruge-bashkia-nuk-ka-fonde-per-treg-te-ri","status":"publish","type":"post","link":"https:\/\/jugulajm.net\/?p=56136","title":{"rendered":"VIDEO\/ Memaliaj si Kandahari, tregtar\u00ebt shesin n\u00eb rrug\u00eb, bashkia nuk ka fonde p\u00ebr treg t\u00eb ri"},"content":{"rendered":"<div class=\"I_ZkbNhI D_FY W_6D6F\" data-test-id=\"message-view-body\">\n<div class=\"msg-body P_wpofO mq_AS\" data-test-id=\"message-view-body-content\">\n<div class=\"jb_0 X_6MGW N_6Fd5\">\n<div id=\"yiv2960690221\">\n<div>Ne Memaliaj nuk ka patur kurre nje treg te fruta-perimesh. Per kete arsye shitesit enden rrugeve, ku krahas mungeses se blerjeve, u duhet te perballojne pluhurin e automjeteve, te ftohtin gjate dimrit apo diellin pervelues gjate stines se veres.<\/div>\n<div>Shitesit e shikojne si neglizhence nga ana pushtetit vendor e qendror. Tregtaret e Memaliajt kane ne dispozicion anen e rruges dhe ate pak trotuar per te shitur dhe bler\u00eb produkte ushqimore.<\/div>\n<div>Edhe per konsumatoret mungesa e nje tregu me standardet e duhura eshte shqetesim disa vjecar por pa zgjidhje.<\/div>\n<div>Lidhur me kete problematike kryebashkiaku Gjolek Guci tha se ekziston nje projekt i hartuar ne leter per sa i perket tregut por nuk ka nje fond prej qeverise per ta mbeshtetur kete te fundit.<\/div>\n<div>Ne kete hapesire operojne me shume se 15 tregtare. Ndersa ky vend me beton eshte tregu i ardhshem por thjesht ne tentative.<\/div>\n<\/div>\n<\/div>\n<\/div>\n<div class=\"jb_0 X_6MGW N_6Fd5\"><\/div>\n<\/div>\n","protected":false},"excerpt":{"rendered":"<p>Ne Memaliaj nuk ka patur kurre nje treg te fruta-perimesh. Per kete arsye shitesit enden rrugeve, ku krahas mungeses se blerjeve, u duhet te perballojne pluhurin e automjeteve, te ftohtin gjate dimrit apo diellin pervelues gjate stines se veres. Shitesit e shikojne si neglizhence nga ana pushtetit vendor e qendror. Tregtaret e Memaliajt kane ne [&hellip;]<\/p>\n","protected":false},"author":5,"featured_media":56145,"comment_status":"open","ping_status":"open","sticky":false,"template":"","format":"video","meta":{"footnotes":""},"categories":[1,6332],"tags":[21917,21916,21918],"class_list":{"0":"post-56136","1":"post","2":"type-post","3":"status-publish","4":"format-video","5":"has-post-thumbnail","7":"category-aktualitet","8":"category-te-fundit","9":"tag-gjolek-guci","10":"tag-memaliaj","11":"tag-tregu-i-qytetit","12":"post_format-post-format-video"},"_links":{"self":[{"href":"https:\/\/jugulajm.net\/index.php?rest_route=\/wp\/v2\/posts\/56136","targetHints":{"allow":["GET"]}}],"collection":[{"href":"https:\/\/jugulajm.net\/index.php?rest_route=\/wp\/v2\/posts"}],"about":[{"href":"https:\/\/jugulajm.net\/index.php?rest_route=\/wp\/v2\/types\/post"}],"author":[{"embeddable":true,"href":"https:\/\/jugulajm.net\/index.php?rest_route=\/wp\/v2\/users\/5"}],"replies":[{"embeddable":true,"href":"https:\/\/jugulajm.net\/index.php?rest_route=%2Fwp%2Fv2%2Fcomments&post=56136"}],"version-history":[{"count":0,"href":"https:\/\/jugulajm.net\/index.php?rest_route=\/wp\/v2\/posts\/56136\/revisions"}],"wp:featuredmedia":[{"embeddable":true,"href":"https:\/\/jugulajm.net\/index.php?rest_route=\/wp\/v2\/media\/56145"}],"wp:attachment":[{"href":"https:\/\/jugulajm.net\/index.php?rest_route=%2Fwp%2Fv2%2Fmedia&parent=56136"}],"wp:term":[{"taxonomy":"category","embeddable":true,"href":"https:\/\/jugulajm.net\/index.php?rest_route=%2Fwp%2Fv2%2Fcategories&post=56136"},{"taxonomy":"post_tag","embeddable":true,"href":"https:\/\/jugulajm.net\/index.php?rest_route=%2Fwp%2Fv2%2Ftags&post=56136"}],"curies":[{"name":"wp","href":"https:\/\/api.w.org\/{rel}","templated":true}]}}