{"id":56123,"date":"2023-02-14T18:01:31","date_gmt":"2023-02-14T17:01:31","guid":{"rendered":"https:\/\/jugulajm.net\/?p=56123"},"modified":"2023-02-14T18:01:31","modified_gmt":"2023-02-14T17:01:31","slug":"termeti-ne-turqi-mes-viktimave-edhe-73-shqiptare","status":"publish","type":"post","link":"https:\/\/jugulajm.net\/?p=56123","title":{"rendered":"T\u00ebrmeti n\u00eb Turqi, mes viktimave edhe 73 shqiptar\u00eb"},"content":{"rendered":"<p>70 shqiptar\u00eb kan\u00eb nd\u00ebrruar jet\u00eb si pasoj\u00eb e t\u00ebrmetit t\u00eb fuqish\u00ebm q\u00eb ra n\u00eb Kahramanmaras t\u00eb Turqis\u00eb nd\u00ebrsa tre t\u00eb tjer\u00eb jan\u00eb konfirmuar n\u00eb Hatay.<\/p>\n<p>Lajmin \u00ebsht\u00eb b\u00ebr\u00eb me dije nga Kryetari i shoqat\u00ebs s\u00eb Kultur\u00ebs dhe Solidaritetit t\u00eb Shqiptar\u00ebve, Evren Kaya shrkuan p\u00ebr Kosovapress.<\/p>\n<p>Ai tha se deri m\u00eb tani vet\u00ebm nj\u00eb familje \u00ebsht\u00eb nxjerr\u00eb e gjall\u00eb nga rr\u00ebnojat. Ai kritikon Ambasad\u00ebn e Kosov\u00ebs n\u00eb Turqi, duke th\u00ebn\u00eb se nuk po u ndihmojn\u00eb familjeve t\u00eb prekura nga t\u00ebrmeti. Kaya, i cili tregon se po udh\u00ebtojn\u00eb nga Adana thot\u00eb se jan\u00eb duke marr\u00eb ndihma prej disa vendeve p\u00ebr t\u00eb ndihmuar shqiptar\u00ebt n\u00eb Turqi.<\/p>\n<p>\u201cTani n\u00eb Kahramanmaras 70 veta na kan\u00eb vdekur. Edhe n\u00eb Hatay, tre persona shqiptar\u00eb na kan\u00eb vdekur. Aty i kam pa n\u00eb Facebook edhe \u00e7far\u00eb kam d\u00ebgjuar po ju tregoj\u2026 Tani p\u00ebr ushqim nuk \u00ebsht\u00eb problem, por p\u00ebr tu ngrohur se ftoht\u00eb \u00ebsht\u00eb shum\u00eb. Stufat po i d\u00ebrgon shteti nga mundet, disa q\u00eb nuk po munden me u lajm\u00ebrua po edhe ne sa po mundemi po u ndihmojm\u00eb\u201d, tregon ai.<\/p>\n<p>Ai tregon se shum\u00eb nga shqiptar\u00ebt q\u00eb jetojn\u00eb n\u00eb k\u00ebto vende t\u00eb prekura nga t\u00ebrmeti po kan\u00eb frik\u00eb t\u00eb kthehen n\u00eb sht\u00ebpit\u00eb e tyre.<br \/>\n\u201cAmbasada neve nuk na ka k\u00ebrkuar hi\u00e7. Telefon nuk na ka b\u00ebr\u00eb hi\u00e7 prej Kosov\u00ebs. Se di p\u00ebr karrige \u00ebsht\u00eb ardhur apo p\u00ebr \u00e7far\u00eb ka ardhur n\u00eb Turqi, nuk po e di. Ky ambasadori hi\u00e7 nuk m\u00eb ka k\u00ebrkuar, vet\u00ebm Avni Spahiu, Bekim Sejdiu, kryetari i Pej\u00ebs, Gazmend Muhaxherri dhe krejt ata q\u00eb jan\u00eb kryetar\u00eb\u201d, shprehet ai.<\/p>\n<p>M\u00eb tej, Kaya shprehet se deri m\u00eb tani vet\u00ebm nj\u00eb familje shqiptare \u00ebsht\u00eb nxjerr\u00eb e gjall\u00eb nga g\u00ebrmadhat.<\/p>\n<p>\u201cVet\u00ebm nj\u00eb person me familje ka shp\u00ebtuar prej nd\u00ebrtes\u00ebs ka dal\u00eb gjall\u00eb, me kat\u00ebr persona ka dal\u00eb\u2026 Edhe ai \u00ebsht\u00eb n\u00eb fshat tonin p\u00ebr momentin, si po e pyes di\u00e7ka po nis t\u00eb qaj\u00eb se i ka vdekur fqinji\u201d, p\u00ebrfundon ai.<\/p>\n<p>Nga t\u00ebrmeti 78 ball\u00ebsh q\u00eb goditi Turqin\u00eb dhe Sirin\u00eb m\u00eb 6 shkurt deri m\u00eb tani kan\u00eb humbur jet\u00ebn mbi 37 mij\u00eb persona.<\/p>\n","protected":false},"excerpt":{"rendered":"<p>70 shqiptar\u00eb kan\u00eb nd\u00ebrruar jet\u00eb si pasoj\u00eb e t\u00ebrmetit t\u00eb fuqish\u00ebm q\u00eb ra n\u00eb Kahramanmaras t\u00eb Turqis\u00eb nd\u00ebrsa tre t\u00eb tjer\u00eb jan\u00eb konfirmuar n\u00eb Hatay. Lajmin \u00ebsht\u00eb b\u00ebr\u00eb me dije nga Kryetari i shoqat\u00ebs s\u00eb Kultur\u00ebs dhe Solidaritetit t\u00eb Shqiptar\u00ebve, Evren Kaya shrkuan p\u00ebr Kosovapress. Ai tha se deri m\u00eb tani vet\u00ebm nj\u00eb familje \u00ebsht\u00eb [&hellip;]<\/p>\n","protected":false},"author":5,"featured_media":56124,"comment_status":"open","ping_status":"open","sticky":false,"template":"","format":"standard","meta":{"footnotes":""},"categories":[1,6332],"tags":[21909,21908],"class_list":{"0":"post-56123","1":"post","2":"type-post","3":"status-publish","4":"format-standard","5":"has-post-thumbnail","7":"category-aktualitet","8":"category-te-fundit","9":"tag-mes-viktimave-edhe-73-shqiptare","10":"tag-termeti-ne-turqi"},"_links":{"self":[{"href":"https:\/\/jugulajm.net\/index.php?rest_route=\/wp\/v2\/posts\/56123","targetHints":{"allow":["GET"]}}],"collection":[{"href":"https:\/\/jugulajm.net\/index.php?rest_route=\/wp\/v2\/posts"}],"about":[{"href":"https:\/\/jugulajm.net\/index.php?rest_route=\/wp\/v2\/types\/post"}],"author":[{"embeddable":true,"href":"https:\/\/jugulajm.net\/index.php?rest_route=\/wp\/v2\/users\/5"}],"replies":[{"embeddable":true,"href":"https:\/\/jugulajm.net\/index.php?rest_route=%2Fwp%2Fv2%2Fcomments&post=56123"}],"version-history":[{"count":0,"href":"https:\/\/jugulajm.net\/index.php?rest_route=\/wp\/v2\/posts\/56123\/revisions"}],"wp:featuredmedia":[{"embeddable":true,"href":"https:\/\/jugulajm.net\/index.php?rest_route=\/wp\/v2\/media\/56124"}],"wp:attachment":[{"href":"https:\/\/jugulajm.net\/index.php?rest_route=%2Fwp%2Fv2%2Fmedia&parent=56123"}],"wp:term":[{"taxonomy":"category","embeddable":true,"href":"https:\/\/jugulajm.net\/index.php?rest_route=%2Fwp%2Fv2%2Fcategories&post=56123"},{"taxonomy":"post_tag","embeddable":true,"href":"https:\/\/jugulajm.net\/index.php?rest_route=%2Fwp%2Fv2%2Ftags&post=56123"}],"curies":[{"name":"wp","href":"https:\/\/api.w.org\/{rel}","templated":true}]}}