{"id":56099,"date":"2023-02-14T09:24:24","date_gmt":"2023-02-14T08:24:24","guid":{"rendered":"https:\/\/jugulajm.net\/?p=56099"},"modified":"2023-02-14T09:24:24","modified_gmt":"2023-02-14T08:24:24","slug":"video-emri-arrestohet-autori-qe-hodhi-ne-ere-hotelin-ne-sarande","status":"publish","type":"post","link":"https:\/\/jugulajm.net\/?p=56099","title":{"rendered":"VIDEO-EMRI\/ Arrestohet autori q\u00eb hodhi n\u00eb er\u00eb hotelin n\u00eb Sarand\u00eb"},"content":{"rendered":"<p>Pas hedhjes n\u00eb er\u00eb t\u00eb hotel Bizantit n\u00eb Sarand\u00eb m\u00ebngjesin e s\u00eb h\u00ebn\u00ebs, grupi i posa\u00e7\u00ebm hetimor ka arrestuar autorin. Ai \u00ebsht\u00eb Sotir \u00c7abiri, babai i t\u00eb cilit kund\u00ebrshtonte vendimin e gjykat\u00ebs p\u00ebr dh\u00ebnien e hotelit n\u00eb mas\u00ebn 90%, Dhimit\u00ebr Evangjeliu, nd\u00ebrsa atij vet\u00eb si ortak, Spirto \u00c7abirit, i mbetej\u00a0vet\u00ebm 5% e k\u00ebsaj prone.<\/p>\n<p>Policia e Shtetit njoftoi si m\u00eb posht\u00eb se brenda disa or\u00ebve pun\u00eb intensive profesionale hetimore, e zbardhi ngjarjen e ndodhur m\u00ebngjesin e djesh\u00ebm, n\u00eb Sarand\u00eb:<\/p>\n<p>&#8220;Pas ngjarjes s\u00eb ndodhur m\u00ebngjesin e djesh\u00ebm, n\u00eb Sarand\u00eb, u ngrit nj\u00eb grup i posa\u00e7\u00ebm hetimor, i p\u00ebrb\u00ebr\u00eb nga specialist\u00ebt dhe ekspert\u00ebt m\u00eb t\u00eb mir\u00eb t\u00eb Departamentit t\u00eb Policis\u00eb Kriminale n\u00eb Policin\u00eb e Shtetit, DVP Vlor\u00eb dhe Komisariatit t\u00eb Policis\u00eb Sarand\u00eb, dhe n\u00ebn drejtimin e Prokuroris\u00eb pran\u00eb Gjykat\u00ebs s\u00eb Rrethit Gjyq\u00ebsor Sarand\u00eb, vijuan veprimet p\u00ebr zbardhjen e ngjarjes.<\/p>\n<p>Fal\u00eb hetimeve t\u00eb shpejta dhe profesionale, t\u00eb kryera nga grupi i posa\u00e7\u00ebm hetimor, p\u00ebr rreth 12 or\u00eb, u b\u00eb e mundur zbardhja e ngjarjes, identifikimi dhe ndalimi i autorit t\u00eb dyshuar, shtetasit: S. \u00c7., 36 vje\u00e7, banues n\u00eb Sarand\u00eb, p\u00ebr vepr\u00ebn penale \u201cShkat\u00ebrrimi i pron\u00ebs me eksploziv\u201d, me pasoja t\u00eb r\u00ebnda materiale.<\/p>\n<p>Ky shtetas, m\u00ebngjesin e djesh\u00ebm, n\u00eb lagjen nr. 1, Sarand\u00eb, dyshohet se ka vendosur nj\u00eb sasi l\u00ebnde eksplozive, n\u00eb hotelin q\u00eb babai i tij, shtetasi Spiro\u00a0\u00c7abiri, 63 vje\u00e7, kishte n\u00eb bashk\u00ebpron\u00ebsi me shtetasin Evangjeliu Dhimiter, p\u00ebr shkak t\u00eb nj\u00eb procesi gjyq\u00ebsor q\u00eb kishin 63-vje\u00e7ari dhe shtetasi Evangjeliu\u00a0Dhimiter, proces i nisur q\u00eb n\u00eb vitin 2002, dhe n\u00eb p\u00ebrfundim t\u00eb t\u00eb cilit, pjesa m\u00eb e madhe e k\u00ebtij hoteli do t\u00eb kalonte n\u00eb pron\u00ebsi t\u00eb shtetasit Evangjeliu\u00a0Dhimiter.\u00a0<a href=\"https:\/\/www.syri.net\/kronike\/570000\/hoteli-i-hedhur-ne-ere-ne-sarande-dy-pronare-te-perfshire-ne-varg-procesesh-gjyqesore\/\">LEXO<\/a><\/p>\n<p>Si pasoj\u00eb e shp\u00ebrthimit me eksploziv, u shkat\u00ebrrua plot\u00ebsisht hoteli i nd\u00ebrtuar n\u00eb vitin 1996 dhe gjithashtu u shkaktuan d\u00ebmtime t\u00eb fasadave t\u00eb objekteve t\u00eb tjera n\u00eb af\u00ebrsi t\u00eb hotelit. Nga shp\u00ebrthimi nuk pati asnj\u00eb shtetas t\u00eb d\u00ebmtuar. Materialet procedurale i kaluan Prokuroris\u00eb pran\u00eb Gjykat\u00ebs s\u00eb Rrethit Gjyq\u00ebsor Sarand\u00eb, p\u00ebr veprime t\u00eb m\u00ebtejshme.&#8221;<\/p>\n<p><iframe loading=\"lazy\" src=\"https:\/\/www.facebook.com\/plugins\/video.php?height=314&amp;href=https%3A%2F%2Fwww.facebook.com%2Fpoliciashtetitshqiptar%2Fvideos%2F6189535107764057%2F&amp;show_text=true&amp;width=560&amp;t=0\" width=\"560\" height=\"429\" frameborder=\"0\" scrolling=\"no\" allowfullscreen=\"allowfullscreen\" data-mce-fragment=\"1\"><\/iframe><\/p>\n<div class=\"fotogaleri\">\n<div class=\"bx-wrapper\">\n<div class=\"bx-viewport\">\n<ul class=\"read-slider\">\n<li><\/li>\n<\/ul>\n<\/div>\n<\/div>\n<\/div>\n","protected":false},"excerpt":{"rendered":"<p>Pas hedhjes n\u00eb er\u00eb t\u00eb hotel Bizantit n\u00eb Sarand\u00eb m\u00ebngjesin e s\u00eb h\u00ebn\u00ebs, grupi i posa\u00e7\u00ebm hetimor ka arrestuar autorin. Ai \u00ebsht\u00eb Sotir \u00c7abiri, babai i t\u00eb cilit kund\u00ebrshtonte vendimin e gjykat\u00ebs p\u00ebr dh\u00ebnien e hotelit n\u00eb mas\u00ebn 90%, Dhimit\u00ebr Evangjeliu, nd\u00ebrsa atij vet\u00eb si ortak, Spirto \u00c7abirit, i mbetej\u00a0vet\u00ebm 5% e k\u00ebsaj prone. Policia [&hellip;]<\/p>\n","protected":false},"author":5,"featured_media":56100,"comment_status":"open","ping_status":"open","sticky":false,"template":"","format":"standard","meta":{"footnotes":""},"categories":[1,6332],"tags":[21897],"class_list":{"0":"post-56099","1":"post","2":"type-post","3":"status-publish","4":"format-standard","5":"has-post-thumbnail","7":"category-aktualitet","8":"category-te-fundit","9":"tag-video-emri-arrestohet-autori-qe-hodhi-ne-ere-hotelin-ne-sarande"},"_links":{"self":[{"href":"https:\/\/jugulajm.net\/index.php?rest_route=\/wp\/v2\/posts\/56099","targetHints":{"allow":["GET"]}}],"collection":[{"href":"https:\/\/jugulajm.net\/index.php?rest_route=\/wp\/v2\/posts"}],"about":[{"href":"https:\/\/jugulajm.net\/index.php?rest_route=\/wp\/v2\/types\/post"}],"author":[{"embeddable":true,"href":"https:\/\/jugulajm.net\/index.php?rest_route=\/wp\/v2\/users\/5"}],"replies":[{"embeddable":true,"href":"https:\/\/jugulajm.net\/index.php?rest_route=%2Fwp%2Fv2%2Fcomments&post=56099"}],"version-history":[{"count":0,"href":"https:\/\/jugulajm.net\/index.php?rest_route=\/wp\/v2\/posts\/56099\/revisions"}],"wp:featuredmedia":[{"embeddable":true,"href":"https:\/\/jugulajm.net\/index.php?rest_route=\/wp\/v2\/media\/56100"}],"wp:attachment":[{"href":"https:\/\/jugulajm.net\/index.php?rest_route=%2Fwp%2Fv2%2Fmedia&parent=56099"}],"wp:term":[{"taxonomy":"category","embeddable":true,"href":"https:\/\/jugulajm.net\/index.php?rest_route=%2Fwp%2Fv2%2Fcategories&post=56099"},{"taxonomy":"post_tag","embeddable":true,"href":"https:\/\/jugulajm.net\/index.php?rest_route=%2Fwp%2Fv2%2Ftags&post=56099"}],"curies":[{"name":"wp","href":"https:\/\/api.w.org\/{rel}","templated":true}]}}