{"id":56088,"date":"2023-02-13T15:50:37","date_gmt":"2023-02-13T14:50:37","guid":{"rendered":"https:\/\/jugulajm.net\/?p=56088"},"modified":"2023-02-13T15:59:07","modified_gmt":"2023-02-13T14:59:07","slug":"shehu-i-pergjigjet-paralajmerimeve-te-balles-per-perjashtime","status":"publish","type":"post","link":"https:\/\/jugulajm.net\/?p=56088","title":{"rendered":"Shehu i p\u00ebrgjigjet paralajm\u00ebrimeve t\u00eb Ball\u00ebs p\u00ebr p\u00ebrjashtime"},"content":{"rendered":"<p>Deputeti i Partis\u00eb Demokratike, p\u00ebr Qarkun Gjirokast\u00ebr, Tritan Shehu, i \u00ebsht\u00eb kund\u00ebrp\u00ebrgjigjur deklaratave t\u00eb sotme t\u00eb socialistit Taulant Ball\u00ebs, p\u00ebr protest\u00ebn.<\/p>\n<p>N\u00eb nj\u00eb intervist\u00eb p\u00ebr &#8220;Euronews Albania&#8221;, Shehu tha se kemi t\u00eb b\u00ebjm\u00eb me nj\u00eb diktatur\u00eb parlamentare, ku opozita nuk d\u00ebgjohet.<\/p>\n<p><em>\u00a0\u201cAta n\u00eb nj\u00ebr\u00ebn an\u00eb nuk t\u00eb japin fjal\u00ebn, n\u00eb an\u00ebn tjet\u00ebr kryeministri nuk vjen n\u00eb parlament as t\u00eb flas\u00eb dhe as t\u00eb shpjegoj\u00eb e t\u00eb d\u00ebgjoj\u00eb deputet\u00ebt, nuk futen n\u00eb rend t\u00eb dit\u00ebs k\u00ebrkesat e opozit\u00ebs, k\u00ebrkesat e opozit\u00ebs jan\u00eb t\u00eb detyrueshme p\u00ebr t\u2019u futur dhe pastaj kur deputet\u00ebt e opozit\u00ebs k\u00ebrkojn\u00eb fjal\u00ebn dhe e k\u00ebrkojn\u00eb me insistim padyshim, k\u00ebrkojn\u00eb t\u2019i p\u00ebrjashtojn\u00eb. Pra, kjo \u00ebsht\u00eb diktatura parlamentare,\u201d\u00a0\u00a0<\/em>u shpreh deputeti Shehu.<\/p>\n","protected":false},"excerpt":{"rendered":"<p>Deputeti i Partis\u00eb Demokratike, p\u00ebr Qarkun Gjirokast\u00ebr, Tritan Shehu, i \u00ebsht\u00eb kund\u00ebrp\u00ebrgjigjur deklaratave t\u00eb sotme t\u00eb socialistit Taulant Ball\u00ebs, p\u00ebr protest\u00ebn. N\u00eb nj\u00eb intervist\u00eb p\u00ebr &#8220;Euronews Albania&#8221;, Shehu tha se kemi t\u00eb b\u00ebjm\u00eb me nj\u00eb diktatur\u00eb parlamentare, ku opozita nuk d\u00ebgjohet. \u00a0\u201cAta n\u00eb nj\u00ebr\u00ebn an\u00eb nuk t\u00eb japin fjal\u00ebn, n\u00eb an\u00ebn tjet\u00ebr kryeministri nuk vjen [&hellip;]<\/p>\n","protected":false},"author":5,"featured_media":55094,"comment_status":"open","ping_status":"open","sticky":false,"template":"","format":"standard","meta":{"footnotes":""},"categories":[6326,6332],"tags":[21894],"class_list":{"0":"post-56088","1":"post","2":"type-post","3":"status-publish","4":"format-standard","5":"has-post-thumbnail","7":"category-politike","8":"category-te-fundit","9":"tag-shehu-i-pergjigjet-paralajmerimeve-te-balles-per-perjashtime"},"_links":{"self":[{"href":"https:\/\/jugulajm.net\/index.php?rest_route=\/wp\/v2\/posts\/56088","targetHints":{"allow":["GET"]}}],"collection":[{"href":"https:\/\/jugulajm.net\/index.php?rest_route=\/wp\/v2\/posts"}],"about":[{"href":"https:\/\/jugulajm.net\/index.php?rest_route=\/wp\/v2\/types\/post"}],"author":[{"embeddable":true,"href":"https:\/\/jugulajm.net\/index.php?rest_route=\/wp\/v2\/users\/5"}],"replies":[{"embeddable":true,"href":"https:\/\/jugulajm.net\/index.php?rest_route=%2Fwp%2Fv2%2Fcomments&post=56088"}],"version-history":[{"count":0,"href":"https:\/\/jugulajm.net\/index.php?rest_route=\/wp\/v2\/posts\/56088\/revisions"}],"wp:featuredmedia":[{"embeddable":true,"href":"https:\/\/jugulajm.net\/index.php?rest_route=\/wp\/v2\/media\/55094"}],"wp:attachment":[{"href":"https:\/\/jugulajm.net\/index.php?rest_route=%2Fwp%2Fv2%2Fmedia&parent=56088"}],"wp:term":[{"taxonomy":"category","embeddable":true,"href":"https:\/\/jugulajm.net\/index.php?rest_route=%2Fwp%2Fv2%2Fcategories&post=56088"},{"taxonomy":"post_tag","embeddable":true,"href":"https:\/\/jugulajm.net\/index.php?rest_route=%2Fwp%2Fv2%2Ftags&post=56088"}],"curies":[{"name":"wp","href":"https:\/\/api.w.org\/{rel}","templated":true}]}}