{"id":56015,"date":"2023-02-12T10:50:11","date_gmt":"2023-02-12T09:50:11","guid":{"rendered":"https:\/\/jugulajm.net\/?p=56015"},"modified":"2023-02-12T10:50:11","modified_gmt":"2023-02-12T09:50:11","slug":"moti-sot-i-kthjellet-dhe-me-alternime-vranesirash","status":"publish","type":"post","link":"https:\/\/jugulajm.net\/?p=56015","title":{"rendered":"Moti sot\/ I kthjell\u00ebt dhe me alternime vran\u00ebsirash"},"content":{"rendered":"<p>\u00cbsht\u00eb t\u00ebrhequr vala e acart\u00eb nga territori shqiptar duke udh\u00ebtuar dret Europ\u00ebs Lindore.<\/p>\n<p>P\u00ebr pasoje, i gjith\u00eb vendi do t\u00eb mbizot\u00ebrohet nga moti i kthjell\u00ebt dhe i ngroht\u00eb ku m\u00eb t\u00eb theksuara kthjellimet paraqiten n\u00eb bregdet dhe zonat e ul\u00ebta.<\/p>\n<p>Or\u00ebt e pasdites dhe mbr\u00ebmjes do t\u00eb sjellin kalime vran\u00ebsirash t\u00eb pakta n\u00eb t\u00eb gjith\u00eb zon\u00ebn malor\u00eb p\u00ebrgjat\u00eb shtrirjes Lindore. Kushtet e stabilitetit atmosferik do t\u00eb vijojn\u00eb edhe gjat\u00eb nat\u00ebs.<\/p>\n<p>Temperaturat e ajrit ajrit do t\u00eb rriten leht\u00eb n\u00eb m\u00ebngjes, dhe\u00a0 mesdit\u00eb duke luhatur vlerat ditore nga -5\u00b0C deri n\u00eb 16\u00b0C.<\/p>\n<p>Era do t\u00eb fryj\u00eb mesatare me shpejt\u00ebsi 40 km\/h nga drejtimi kryesisht verilindor duke krijuar n\u00eb brigjet detare dallg\u00ebzim\u00a0 3 ball\u00eb.<\/p>\n","protected":false},"excerpt":{"rendered":"<p>\u00cbsht\u00eb t\u00ebrhequr vala e acart\u00eb nga territori shqiptar duke udh\u00ebtuar dret Europ\u00ebs Lindore. P\u00ebr pasoje, i gjith\u00eb vendi do t\u00eb mbizot\u00ebrohet nga moti i kthjell\u00ebt dhe i ngroht\u00eb ku m\u00eb t\u00eb theksuara kthjellimet paraqiten n\u00eb bregdet dhe zonat e ul\u00ebta. Or\u00ebt e pasdites dhe mbr\u00ebmjes do t\u00eb sjellin kalime vran\u00ebsirash t\u00eb pakta n\u00eb t\u00eb gjith\u00eb [&hellip;]<\/p>\n","protected":false},"author":5,"featured_media":55848,"comment_status":"open","ping_status":"open","sticky":false,"template":"","format":"standard","meta":{"footnotes":""},"categories":[7650,6332],"tags":[21863],"class_list":{"0":"post-56015","1":"post","2":"type-post","3":"status-publish","4":"format-standard","5":"has-post-thumbnail","7":"category-moti","8":"category-te-fundit","9":"tag-moti-sot-i-kthjellet-dhe-me-alternime-vranesirash"},"_links":{"self":[{"href":"https:\/\/jugulajm.net\/index.php?rest_route=\/wp\/v2\/posts\/56015","targetHints":{"allow":["GET"]}}],"collection":[{"href":"https:\/\/jugulajm.net\/index.php?rest_route=\/wp\/v2\/posts"}],"about":[{"href":"https:\/\/jugulajm.net\/index.php?rest_route=\/wp\/v2\/types\/post"}],"author":[{"embeddable":true,"href":"https:\/\/jugulajm.net\/index.php?rest_route=\/wp\/v2\/users\/5"}],"replies":[{"embeddable":true,"href":"https:\/\/jugulajm.net\/index.php?rest_route=%2Fwp%2Fv2%2Fcomments&post=56015"}],"version-history":[{"count":0,"href":"https:\/\/jugulajm.net\/index.php?rest_route=\/wp\/v2\/posts\/56015\/revisions"}],"wp:featuredmedia":[{"embeddable":true,"href":"https:\/\/jugulajm.net\/index.php?rest_route=\/wp\/v2\/media\/55848"}],"wp:attachment":[{"href":"https:\/\/jugulajm.net\/index.php?rest_route=%2Fwp%2Fv2%2Fmedia&parent=56015"}],"wp:term":[{"taxonomy":"category","embeddable":true,"href":"https:\/\/jugulajm.net\/index.php?rest_route=%2Fwp%2Fv2%2Fcategories&post=56015"},{"taxonomy":"post_tag","embeddable":true,"href":"https:\/\/jugulajm.net\/index.php?rest_route=%2Fwp%2Fv2%2Ftags&post=56015"}],"curies":[{"name":"wp","href":"https:\/\/api.w.org\/{rel}","templated":true}]}}