{"id":55999,"date":"2023-02-11T11:11:23","date_gmt":"2023-02-11T10:11:23","guid":{"rendered":"https:\/\/jugulajm.net\/?p=55999"},"modified":"2023-02-11T11:11:23","modified_gmt":"2023-02-11T10:11:23","slug":"shehu-protesta-e-sotme-do-shenoje-fillimin-e-levizjes-popullore","status":"publish","type":"post","link":"https:\/\/jugulajm.net\/?p=55999","title":{"rendered":"Shehu: Protesta e sotme do sh\u00ebnoj\u00eb fillimin e l\u00ebvizjes popullore"},"content":{"rendered":"<p>Deputeti i Partise Demokratike per Qarkun Gjirokaster, Tritan Shehu, n\u00eb nj\u00eb lidhje live p\u00ebrmes skype p\u00ebr &#8221;News24&#8221; pak or\u00eb para protest\u00ebs s\u00eb opozit\u00ebs sot n\u00eb shesh, theksoi se dita e sotme sh\u00ebnon fillimin e l\u00ebvizjes popullore.<\/p>\n<p>\u201cNuk \u00ebsht\u00eb vet\u00ebm skandali i fundit me McGonigal, por ky kryeminist\u00ebr ka shkelur rregullat e demokracis\u00eb, vot\u00ebn e lir\u00eb t\u00eb qytetar\u00ebve. Nga Gjirokastra jan\u00eb nisur qindra qytetar\u00eb, simpatizant\u00eb t\u00eb PD. Nj\u00eb pjes\u00eb e tyre kan\u00eb ardhur q\u00eb mbr\u00ebm\u00eb, dhe t\u00eb tjer\u00eb po vijn\u00eb. Kjo p\u00ebr t\u00eb shprehur indinjat\u00ebn e tyre ndaj Ram\u00ebs. Jemi para nj\u00eb fillimi t\u00eb nj\u00eb l\u00ebvizje t\u00eb gjer\u00eb popullore ndaj k\u00ebtij regjimi. Kjo protest\u00eb \u00ebsht\u00eb nisja e nj\u00eb aksioni p\u00ebr shembjen e k\u00ebsaj qeverie, nj\u00eb regjim m\u00eb sakt\u00eb. Shofer\u00ebt e autobus\u00ebve kan\u00eb frik\u00eb q\u00eb t\u00eb transportojn\u00eb qytetar\u00ebt drejt Tiran\u00ebs. PD \u00ebsht\u00eb mobilizuar n\u00eb deg\u00ebt e saj.\u201d, u shpreh deputeti Shehu.<\/p>\n","protected":false},"excerpt":{"rendered":"<p>Deputeti i Partise Demokratike per Qarkun Gjirokaster, Tritan Shehu, n\u00eb nj\u00eb lidhje live p\u00ebrmes skype p\u00ebr &#8221;News24&#8221; pak or\u00eb para protest\u00ebs s\u00eb opozit\u00ebs sot n\u00eb shesh, theksoi se dita e sotme sh\u00ebnon fillimin e l\u00ebvizjes popullore. \u201cNuk \u00ebsht\u00eb vet\u00ebm skandali i fundit me McGonigal, por ky kryeminist\u00ebr ka shkelur rregullat e demokracis\u00eb, vot\u00ebn e lir\u00eb [&hellip;]<\/p>\n","protected":false},"author":5,"featured_media":56000,"comment_status":"open","ping_status":"open","sticky":false,"template":"","format":"standard","meta":{"footnotes":""},"categories":[6326,6332],"tags":[21855],"class_list":{"0":"post-55999","1":"post","2":"type-post","3":"status-publish","4":"format-standard","5":"has-post-thumbnail","7":"category-politike","8":"category-te-fundit","9":"tag-shehu-protesta-e-sotme-do-shenoje-fillimin-e-levizjes-popullore"},"_links":{"self":[{"href":"https:\/\/jugulajm.net\/index.php?rest_route=\/wp\/v2\/posts\/55999","targetHints":{"allow":["GET"]}}],"collection":[{"href":"https:\/\/jugulajm.net\/index.php?rest_route=\/wp\/v2\/posts"}],"about":[{"href":"https:\/\/jugulajm.net\/index.php?rest_route=\/wp\/v2\/types\/post"}],"author":[{"embeddable":true,"href":"https:\/\/jugulajm.net\/index.php?rest_route=\/wp\/v2\/users\/5"}],"replies":[{"embeddable":true,"href":"https:\/\/jugulajm.net\/index.php?rest_route=%2Fwp%2Fv2%2Fcomments&post=55999"}],"version-history":[{"count":0,"href":"https:\/\/jugulajm.net\/index.php?rest_route=\/wp\/v2\/posts\/55999\/revisions"}],"wp:featuredmedia":[{"embeddable":true,"href":"https:\/\/jugulajm.net\/index.php?rest_route=\/wp\/v2\/media\/56000"}],"wp:attachment":[{"href":"https:\/\/jugulajm.net\/index.php?rest_route=%2Fwp%2Fv2%2Fmedia&parent=55999"}],"wp:term":[{"taxonomy":"category","embeddable":true,"href":"https:\/\/jugulajm.net\/index.php?rest_route=%2Fwp%2Fv2%2Fcategories&post=55999"},{"taxonomy":"post_tag","embeddable":true,"href":"https:\/\/jugulajm.net\/index.php?rest_route=%2Fwp%2Fv2%2Ftags&post=55999"}],"curies":[{"name":"wp","href":"https:\/\/api.w.org\/{rel}","templated":true}]}}