{"id":55957,"date":"2023-02-09T19:05:45","date_gmt":"2023-02-09T18:05:45","guid":{"rendered":"https:\/\/jugulajm.net\/?p=55957"},"modified":"2023-02-09T19:05:45","modified_gmt":"2023-02-09T18:05:45","slug":"shteti-po-mbjell-urrejtje-ndaj-mjekeve-shehu-me-11-shkurt-te-gjithe-ne-bulevard","status":"publish","type":"post","link":"https:\/\/jugulajm.net\/?p=55957","title":{"rendered":"\u201cShteti po mbjell urrejtje ndaj mjek\u00ebve\u201d, Shehu: M\u00eb 11 shkurt t\u00eb gjith\u00eb n\u00eb Bulevard"},"content":{"rendered":"<p>Deputeti i Partis\u00eb Demokratike Tritan Shehu ka reaguar n\u00eb lidhje me sistemin e sh\u00ebndet\u00ebsis\u00eb n\u00eb vendin ton\u00eb.<\/p>\n<p>N\u00ebp\u00ebrmjet nj\u00eb postimi n\u00eb FB, ai ka akuzuar qeverin\u00eb se po \u2018mbjell vec urrejtje ndaj mjek\u00ebve dhe kjo \u00ebsht\u00eb nj\u00eb arsye m\u00eb tep\u00ebr t\u00eb t\u2019iu bashkuar protest\u00ebs s\u00eb opozit\u00ebs m\u00eb 11 shkurt\u2019.<\/p>\n<p><em>\u201cShteti, qe mbjell vecse urrejtje ndaj mjekeve! Perseri dhune mbi mjeket. Arrestime e burgosje te personelit mjekesor per 7000 leke te reja, ndersa ata milioneshe Euro \u201cgezojne\u201d parate! Dhune pra nga individe e dhune nga shteti! Nga nje shtet qe e ka vendosur sistemin tone shendetesor mbi moton: O paguaj o vdis!<\/em><\/p>\n<p><em>Nje shtet qe ka shkaterruar edhe sherbimin kirurgjikal te urgjences prane QSUT. Nje shtet, qe eshte pergjegjes per varferine e thelle te sistemit, per mungesat esenciale te tij edhe ne nivel urgjence.\u00a0<\/em><em>Nje shtet qe diskriminon ne krye te heres mjeket e personelin, duke filluar qe nga pagat qesharake te tyre.<\/em><\/p>\n<p><em>Nje shtet qe i konsideron e trajton mjeket si \u201carmiqte\u201d e tij, i kompleksuar nga intelektualizmi e liberalismi i tyre! Dhe qe per te fshehur pergjegjesite e tij, keq perdorimin e fondeve edhe me ato PPP\u2026.<\/em><\/p>\n<p><em>Mbjell urrejtjen ndaj mjekeve per t\u2019i fajesuar ata, per t\u2019i bere \u201cpergjegjes\u201d para opinionit per keq qeverisjen e tij, korrupsionin e tij! Arsye me shume keto per koleget e nderuar qe me 11 Shkurt te jene ne Bulevard<\/em>\u201d, shkruan Shehu.<\/p>\n<p>Kujtojm\u00eb q\u00eb m\u00eb 11 shkurt n\u00eb or\u00ebn 12:00 do t\u00eb zhvillohet protesta e thirrur nga opozita n\u00eb Bulevardin D\u00ebshmor\u00ebt e Kombit n\u00eb Tiran\u00eb.<\/p>\n","protected":false},"excerpt":{"rendered":"<p>Deputeti i Partis\u00eb Demokratike Tritan Shehu ka reaguar n\u00eb lidhje me sistemin e sh\u00ebndet\u00ebsis\u00eb n\u00eb vendin ton\u00eb. N\u00ebp\u00ebrmjet nj\u00eb postimi n\u00eb FB, ai ka akuzuar qeverin\u00eb se po \u2018mbjell vec urrejtje ndaj mjek\u00ebve dhe kjo \u00ebsht\u00eb nj\u00eb arsye m\u00eb tep\u00ebr t\u00eb t\u2019iu bashkuar protest\u00ebs s\u00eb opozit\u00ebs m\u00eb 11 shkurt\u2019. \u201cShteti, qe mbjell vecse urrejtje ndaj [&hellip;]<\/p>\n","protected":false},"author":5,"featured_media":54802,"comment_status":"open","ping_status":"open","sticky":false,"template":"","format":"standard","meta":{"footnotes":""},"categories":[6326,7652,6332],"tags":[21836,21837],"class_list":{"0":"post-55957","1":"post","2":"type-post","3":"status-publish","4":"format-standard","5":"has-post-thumbnail","7":"category-politike","8":"category-shendetesi","9":"category-te-fundit","10":"tag-shteti-po-mbjell-urrejtje-ndaj-mjekeve","11":"tag-shehu-me-11-shkurt-te-gjithe-ne-bulevard"},"_links":{"self":[{"href":"https:\/\/jugulajm.net\/index.php?rest_route=\/wp\/v2\/posts\/55957","targetHints":{"allow":["GET"]}}],"collection":[{"href":"https:\/\/jugulajm.net\/index.php?rest_route=\/wp\/v2\/posts"}],"about":[{"href":"https:\/\/jugulajm.net\/index.php?rest_route=\/wp\/v2\/types\/post"}],"author":[{"embeddable":true,"href":"https:\/\/jugulajm.net\/index.php?rest_route=\/wp\/v2\/users\/5"}],"replies":[{"embeddable":true,"href":"https:\/\/jugulajm.net\/index.php?rest_route=%2Fwp%2Fv2%2Fcomments&post=55957"}],"version-history":[{"count":0,"href":"https:\/\/jugulajm.net\/index.php?rest_route=\/wp\/v2\/posts\/55957\/revisions"}],"wp:featuredmedia":[{"embeddable":true,"href":"https:\/\/jugulajm.net\/index.php?rest_route=\/wp\/v2\/media\/54802"}],"wp:attachment":[{"href":"https:\/\/jugulajm.net\/index.php?rest_route=%2Fwp%2Fv2%2Fmedia&parent=55957"}],"wp:term":[{"taxonomy":"category","embeddable":true,"href":"https:\/\/jugulajm.net\/index.php?rest_route=%2Fwp%2Fv2%2Fcategories&post=55957"},{"taxonomy":"post_tag","embeddable":true,"href":"https:\/\/jugulajm.net\/index.php?rest_route=%2Fwp%2Fv2%2Ftags&post=55957"}],"curies":[{"name":"wp","href":"https:\/\/api.w.org\/{rel}","templated":true}]}}