{"id":55955,"date":"2023-02-09T17:27:07","date_gmt":"2023-02-09T16:27:07","guid":{"rendered":"https:\/\/jugulajm.net\/?p=55955"},"modified":"2023-02-09T17:27:07","modified_gmt":"2023-02-09T16:27:07","slug":"alda-klosi-transferohet-nga-spitali-ne-paraburgim","status":"publish","type":"post","link":"https:\/\/jugulajm.net\/?p=55955","title":{"rendered":"Alda Klosi transferohet nga spitali n\u00eb paraburgim"},"content":{"rendered":"<p>Ish-zyrtarja Alda Klosi ka l\u00ebn\u00eb spitalin dit\u00ebn e sotme. Klosi \u00ebsht\u00eb transferuar nga spitali n\u00eb paraburgim.<\/p>\n<p>M\u00ebsohet se Alda Klosi, rreth or\u00ebs 15:00 \u00ebsht\u00eb transferuar n\u00eb burgun e grave 325.<\/p>\n<p>Ish-zyrtarja \u00ebsht\u00eb vendosur n\u00eb dhom\u00ebn e observimit t\u00eb paraburgimit, ku do q\u00ebndroj\u00eb 5 deri n\u00eb 10 dit\u00eb dhe m\u00eb pas do t\u00eb kaloj\u00eb n\u00eb dhom\u00eb paraburgimi.<\/p>\n<p>Gjithashtu,\u00a0n\u00eb burgun 325 t\u00eb grave ndodhet edhe pastruesja Rozeta Dobi.<\/p>\n<p>Kujtojm\u00eb se p\u00ebr ish-zyrtaren e qeveris\u00eb, Gjykata vendosi mas\u00ebn \u201cArrest me burg\u201d.<\/p>\n<p>Klosi p\u00ebrfundoi n\u00eb spital p\u00ebr shkak t\u00eb problemeve sh\u00ebndet\u00ebsore q\u00eb shfaqi. Ajo pati tension t\u00eb lart\u00eb dhe me urgjenc\u00eb u d\u00ebrgua n\u00eb QSUT p\u00ebr t\u00eb marr\u00eb ndihm\u00ebn e nevojshme mjek\u00ebsore.<\/p>\n","protected":false},"excerpt":{"rendered":"<p>Ish-zyrtarja Alda Klosi ka l\u00ebn\u00eb spitalin dit\u00ebn e sotme. Klosi \u00ebsht\u00eb transferuar nga spitali n\u00eb paraburgim. M\u00ebsohet se Alda Klosi, rreth or\u00ebs 15:00 \u00ebsht\u00eb transferuar n\u00eb burgun e grave 325. Ish-zyrtarja \u00ebsht\u00eb vendosur n\u00eb dhom\u00ebn e observimit t\u00eb paraburgimit, ku do q\u00ebndroj\u00eb 5 deri n\u00eb 10 dit\u00eb dhe m\u00eb pas do t\u00eb kaloj\u00eb n\u00eb dhom\u00eb [&hellip;]<\/p>\n","protected":false},"author":5,"featured_media":55768,"comment_status":"open","ping_status":"open","sticky":false,"template":"","format":"standard","meta":{"footnotes":""},"categories":[1,6332],"tags":[21835],"class_list":{"0":"post-55955","1":"post","2":"type-post","3":"status-publish","4":"format-standard","5":"has-post-thumbnail","7":"category-aktualitet","8":"category-te-fundit","9":"tag-alda-klosi-transferohet-nga-spitali-ne-paraburgim"},"_links":{"self":[{"href":"https:\/\/jugulajm.net\/index.php?rest_route=\/wp\/v2\/posts\/55955","targetHints":{"allow":["GET"]}}],"collection":[{"href":"https:\/\/jugulajm.net\/index.php?rest_route=\/wp\/v2\/posts"}],"about":[{"href":"https:\/\/jugulajm.net\/index.php?rest_route=\/wp\/v2\/types\/post"}],"author":[{"embeddable":true,"href":"https:\/\/jugulajm.net\/index.php?rest_route=\/wp\/v2\/users\/5"}],"replies":[{"embeddable":true,"href":"https:\/\/jugulajm.net\/index.php?rest_route=%2Fwp%2Fv2%2Fcomments&post=55955"}],"version-history":[{"count":0,"href":"https:\/\/jugulajm.net\/index.php?rest_route=\/wp\/v2\/posts\/55955\/revisions"}],"wp:featuredmedia":[{"embeddable":true,"href":"https:\/\/jugulajm.net\/index.php?rest_route=\/wp\/v2\/media\/55768"}],"wp:attachment":[{"href":"https:\/\/jugulajm.net\/index.php?rest_route=%2Fwp%2Fv2%2Fmedia&parent=55955"}],"wp:term":[{"taxonomy":"category","embeddable":true,"href":"https:\/\/jugulajm.net\/index.php?rest_route=%2Fwp%2Fv2%2Fcategories&post=55955"},{"taxonomy":"post_tag","embeddable":true,"href":"https:\/\/jugulajm.net\/index.php?rest_route=%2Fwp%2Fv2%2Ftags&post=55955"}],"curies":[{"name":"wp","href":"https:\/\/api.w.org\/{rel}","templated":true}]}}