{"id":55896,"date":"2023-02-07T15:44:12","date_gmt":"2023-02-07T14:44:12","guid":{"rendered":"https:\/\/jugulajm.net\/?p=55896"},"modified":"2023-02-07T15:44:12","modified_gmt":"2023-02-07T14:44:12","slug":"inceneratoret-arrestohet-ne-austri-stela-gugallja","status":"publish","type":"post","link":"https:\/\/jugulajm.net\/?p=55896","title":{"rendered":"Incenerator\u00ebt\/ Arrestohet n\u00eb Austri Stela Gugallja"},"content":{"rendered":"<p>Prangoset n\u00eb Austri Stela Gugallja.<\/p>\n<p>Burime zyrtare nga prokuroria e Posa\u00e7me, b\u00ebjn\u00eb me dije se SPAK \u00ebsht\u00eb duke kryerer procedur\u00ebn e ekstradimit t\u00eb shtetases Gugallja nga Austria n\u00eb Shqip\u00ebri.<\/p>\n<p>\u201cProkuroria e Posa\u00e7me eshte njoftuar se ne Gjykaten e Vienes, ne Austri, eshte duke u kryer pro\u00e7edura e ekstradimit te shtetases Stela Gugallja, nga Austria ne Shqiperi, ne zbatim te urdherit te kerkimit nderkombetar per kete shtetase\u201d, kan\u00eb shpjeguar nga SPAK.<\/p>\n<p>Sipas po t\u00eb nj\u00ebjtave burime m\u00ebsohet se SPAK p\u00ebr k\u00ebt\u00eb q\u00ebllim ka percjelle nepermjet Ministrise se Drejtesise te gjithe dokumentacionin e nevojshem per pro\u00e7eduren e ekstradimit.<\/p>\n","protected":false},"excerpt":{"rendered":"<p>Prangoset n\u00eb Austri Stela Gugallja. Burime zyrtare nga prokuroria e Posa\u00e7me, b\u00ebjn\u00eb me dije se SPAK \u00ebsht\u00eb duke kryerer procedur\u00ebn e ekstradimit t\u00eb shtetases Gugallja nga Austria n\u00eb Shqip\u00ebri. \u201cProkuroria e Posa\u00e7me eshte njoftuar se ne Gjykaten e Vienes, ne Austri, eshte duke u kryer pro\u00e7edura e ekstradimit te shtetases Stela Gugallja, nga Austria ne [&hellip;]<\/p>\n","protected":false},"author":5,"featured_media":55897,"comment_status":"open","ping_status":"open","sticky":false,"template":"","format":"standard","meta":{"footnotes":""},"categories":[1,6332],"tags":[21813],"class_list":{"0":"post-55896","1":"post","2":"type-post","3":"status-publish","4":"format-standard","5":"has-post-thumbnail","7":"category-aktualitet","8":"category-te-fundit","9":"tag-inceneratoret-arrestohet-ne-austri-stela-gugallja"},"_links":{"self":[{"href":"https:\/\/jugulajm.net\/index.php?rest_route=\/wp\/v2\/posts\/55896","targetHints":{"allow":["GET"]}}],"collection":[{"href":"https:\/\/jugulajm.net\/index.php?rest_route=\/wp\/v2\/posts"}],"about":[{"href":"https:\/\/jugulajm.net\/index.php?rest_route=\/wp\/v2\/types\/post"}],"author":[{"embeddable":true,"href":"https:\/\/jugulajm.net\/index.php?rest_route=\/wp\/v2\/users\/5"}],"replies":[{"embeddable":true,"href":"https:\/\/jugulajm.net\/index.php?rest_route=%2Fwp%2Fv2%2Fcomments&post=55896"}],"version-history":[{"count":0,"href":"https:\/\/jugulajm.net\/index.php?rest_route=\/wp\/v2\/posts\/55896\/revisions"}],"wp:featuredmedia":[{"embeddable":true,"href":"https:\/\/jugulajm.net\/index.php?rest_route=\/wp\/v2\/media\/55897"}],"wp:attachment":[{"href":"https:\/\/jugulajm.net\/index.php?rest_route=%2Fwp%2Fv2%2Fmedia&parent=55896"}],"wp:term":[{"taxonomy":"category","embeddable":true,"href":"https:\/\/jugulajm.net\/index.php?rest_route=%2Fwp%2Fv2%2Fcategories&post=55896"},{"taxonomy":"post_tag","embeddable":true,"href":"https:\/\/jugulajm.net\/index.php?rest_route=%2Fwp%2Fv2%2Ftags&post=55896"}],"curies":[{"name":"wp","href":"https:\/\/api.w.org\/{rel}","templated":true}]}}