{"id":55830,"date":"2023-02-05T19:12:19","date_gmt":"2023-02-05T18:12:19","guid":{"rendered":"https:\/\/jugulajm.net\/?p=55830"},"modified":"2023-02-05T19:13:38","modified_gmt":"2023-02-05T18:13:38","slug":"video-sherr-mes-kunatash-per-nje-toke-ne-delvine-ti-me-rrahe-pronen-do-te-ta-marr-dhe-vellain-tend-do-e-le","status":"publish","type":"post","link":"https:\/\/jugulajm.net\/?p=55830","title":{"rendered":"VIDEO\/ Sherr mes kunatash p\u00ebr nj\u00eb tok\u00eb n\u00eb Delvin\u00eb\/ Ti m\u00eb rrahe, pron\u00ebn do t\u00eb ta marr dhe v\u00ebllain t\u00ebnd do e l\u00eb"},"content":{"rendered":"<header>\n<div class=\"container clearfix\">\n<div class=\"menu-icons-holder\">Maria dhe Amalia jan\u00eb dy kuanta q\u00eb kan\u00eb ardhur n\u00eb \u201cShihemi n\u00eb Gjyq\u201d p\u00ebr \u00e7\u00ebshtjen e nj\u00eb prone. B\u00ebhet fjal\u00eb p\u00ebr nj\u00eb ar\u00eb n\u00eb fshatin Senic\u00eb ku trash\u00ebgimtar\u00eb jan\u00eb Maria dhe v\u00ebllai i saj, i cili \u00ebsht\u00eb bashk\u00ebshorti i Amalis\u00eb. Arsyeja pse t\u00eb dyja p\u00ebrballen n\u00eb rubrik\u00ebn nga \u201cE diela shqiptare\u201d n\u00eb Tv Klan \u00ebsht\u00eb se aktualisht prona \u00ebsht\u00eb n\u00eb em\u00ebr t\u00eb 4 personave t\u00eb tjer\u00eb.<\/div>\n<\/div>\n<\/header>\n<section class=\"under-sticky-header\">\n<div class=\"container readmore-container mgb-40\">\n<div class=\"row row-12 clear\">\n<div class=\"col-lg-8 col-12 readmore-content\"><main>Amalia akuzon Marian se ka qen\u00eb ajo q\u00eb e ka b\u00ebr\u00eb t\u00eb kthehet nga Greqia dhe si pasoj\u00eb, edhe \u00ebsht\u00eb dhunuar. M\u00eb tej, ajo shton se pavar\u00ebsisht k\u00ebsaj, do t\u00eb b\u00ebj\u00eb \u00e7mos q\u00eb t\u00eb marr\u00eb pron\u00ebn dhe madje edhe do t\u00eb ndahet nga bashk\u00ebshorti.<\/main><\/p>\n<div><\/div>\n<p><iframe loading=\"lazy\" class=\"entered litespeed-loaded\" title=\"YouTube video player\" src=\"https:\/\/www.youtube.com\/embed\/nF0TTAKIQGI\" width=\"560\" height=\"315\" frameborder=\"0\" allowfullscreen=\"allowfullscreen\" data-lazyloaded=\"1\" data-src=\"https:\/\/www.youtube.com\/embed\/nF0TTAKIQGI\" data-ll-status=\"loaded\" data-mce-fragment=\"1\"><\/iframe><\/p>\n<p><strong>Amalia:\u00a0<\/strong><em>Nga ti jam rrahur vajz\u00eb!<\/em><\/p>\n<p><strong>Maria:\u00a0<\/strong><em>Moj po z\u00ebre at\u00eb goj\u00eb, e thash\u00eb un\u00eb, ti nuk t\u00eb pret, ti je ulli pa kokrra, e shoh un\u00eb \u00ebkt\u00eb pun\u00eb. M\u00eb shqet\u00ebsove shum\u00eb, t\u00eb lutem. Shiko, d\u00ebgjo dhe pastaj vepro. Po e kam un\u00eb gabimin do ta mbaj un\u00eb gabimin.<\/em><\/p>\n<p><strong>Amalia:\u00a0<\/strong><em>Maro, ti m\u00eb prure,ti e ke fajin, ti m\u00eb rrahe.<\/em><\/p>\n<p><strong>Maria:\u00a0<\/strong><em>S\u2019t\u00eb kam v\u00ebn\u00eb dor\u00eb jo.<\/em><\/p>\n<p><strong>Amalia:\u00a0<\/strong><em>U b\u00ebt\u00eb t\u00eb gjitha motrat e v\u00ebllez\u00ebrit, p\u00ebr k\u00ebt\u00eb mashtrim q\u00eb b\u00ebre e m\u00eb solle n\u00eb television.<\/em><\/p>\n<p><strong>Maria:\u00a0<\/strong><em>Vet\u00eb erdhe n\u00eb televizion, me pahir s\u2019t\u00eb prura.<\/em><\/p>\n<p><strong>Ardit Gjebrea:<\/strong><em>\u00a0Amalia, pse thua ti m\u00eb rrahe?<\/em><\/p>\n<p><strong>Maria:\u00a0<\/strong><em>Po kush t\u00eb rrahu moj Maro t\u00eb rrahu? O po qenka fare o Ardit!<\/em><\/p>\n<p><strong>Amalia:\u00a0<\/strong><em>Po t\u2019i shoh\u00ebsh duart e mia dhe k\u00ebmb\u00ebt un\u00eb jam pik\u00eb e zez\u00eb.<\/em><\/p>\n<p><strong>Maria:\u00a0<\/strong><em>Moj zonj\u00eb zb\u00ebrtheje goj\u00ebn kush t\u00eb rrahu?<\/em><\/p>\n<p><strong>Amalia:\u00a0<\/strong><em>Po mos t\u00eb m\u00eb binte nga Greqia t\u00eb m\u00eb binte n\u00eb pron\u00eb. Te ara jon\u00eb jan\u00eb b\u00ebr\u00eb dy nd\u00ebrtesa. P\u00ebr ato dy nd\u00ebrtesa un\u00eb rrihem nga Maro.<\/em><\/p>\n<p><strong>Eni \u00c7obani:\u00a0<\/strong><em>Jan\u00eb t\u00eb Maros pra, jan\u00eb t\u00eb Maros. Maro nga i ke fituar k\u00ebto prona?<\/em><\/p>\n<p><strong>Maria:\u00a0<\/strong><em>Po p\u00ebrse rrihesh nga mua ti moj zonj\u00eb?<\/em><\/p>\n<p><strong>Amalia:\u00a0<\/strong><em>Nga ti se ti m\u00eb more n\u00eb telefon, m\u00eb the hajde.<\/em><\/p>\n<p><strong>Maria:\u00a0<\/strong><em>Po s\u2019t\u00eb b\u00ebra keq moj, t\u00eb b\u00ebra me pron\u00eb.<\/em><\/p>\n<p><strong>Amalia:\u00a0<\/strong><em>Tani un\u00eb pron\u00ebn do t\u00eb ta marr.<\/em><\/p>\n<p><strong>Maria:\u00a0<\/strong><em>Pron\u00eb ti s\u2019ke atje, e kam emrin Maro, Maro e Dhimos, ara e Dhimos, jo ti po as shteti\u00a0 s\u2019ka pron\u00eb atje.<\/em><\/p>\n<p><strong>Amalia:\u00a0<\/strong><em>Moj kallogre, \u00e7\u2019jan\u00eb k\u00ebto q\u00eb b\u00ebn moj? Turp i Zotit! Un\u00eb pjes\u00ebn e burrit tim do ta marr, do apo nuk do ti, edhe v\u00ebllain t\u00ebnd do ta l\u00eb dhe pron\u00ebn do ta marr.<\/em><\/p>\n<p>N\u00eb t\u00eb v\u00ebrtet\u00eb, sipas ligjit, Amalia nuk mund t\u00eb marr\u00eb pron\u00ebn e burrit n\u00eb rast divorci sepse atij i \u00ebsht\u00eb l\u00ebn\u00eb si trash\u00ebgimi nga prind\u00ebrit dhe \u00e7far\u00ebdo pasurie e dhuruar drejt nj\u00ebrit bashk\u00ebshort, nuk ndahet mes \u00e7iftit as me zgjidhjen e martes\u00ebs.<\/p>\n<\/div>\n<\/div>\n<\/div>\n<\/section>\n","protected":false},"excerpt":{"rendered":"<p>Maria dhe Amalia jan\u00eb dy kuanta q\u00eb kan\u00eb ardhur n\u00eb \u201cShihemi n\u00eb Gjyq\u201d p\u00ebr \u00e7\u00ebshtjen e nj\u00eb prone. B\u00ebhet fjal\u00eb p\u00ebr nj\u00eb ar\u00eb n\u00eb fshatin Senic\u00eb ku trash\u00ebgimtar\u00eb jan\u00eb Maria dhe v\u00ebllai i saj, i cili \u00ebsht\u00eb bashk\u00ebshorti i Amalis\u00eb. Arsyeja pse t\u00eb dyja p\u00ebrballen n\u00eb rubrik\u00ebn nga \u201cE diela shqiptare\u201d n\u00eb Tv Klan \u00ebsht\u00eb [&hellip;]<\/p>\n","protected":false},"author":5,"featured_media":55832,"comment_status":"open","ping_status":"open","sticky":false,"template":"","format":"standard","meta":{"footnotes":""},"categories":[1,6332],"tags":[21785,21784],"class_list":{"0":"post-55830","1":"post","2":"type-post","3":"status-publish","4":"format-standard","5":"has-post-thumbnail","7":"category-aktualitet","8":"category-te-fundit","9":"tag-pronen-do-te-ta-marr-dhe-vellain-tend-do-e-le","10":"tag-video-sherr-mes-kunatash-per-nje-toke-ne-delvine-ti-me-rrahe"},"_links":{"self":[{"href":"https:\/\/jugulajm.net\/index.php?rest_route=\/wp\/v2\/posts\/55830","targetHints":{"allow":["GET"]}}],"collection":[{"href":"https:\/\/jugulajm.net\/index.php?rest_route=\/wp\/v2\/posts"}],"about":[{"href":"https:\/\/jugulajm.net\/index.php?rest_route=\/wp\/v2\/types\/post"}],"author":[{"embeddable":true,"href":"https:\/\/jugulajm.net\/index.php?rest_route=\/wp\/v2\/users\/5"}],"replies":[{"embeddable":true,"href":"https:\/\/jugulajm.net\/index.php?rest_route=%2Fwp%2Fv2%2Fcomments&post=55830"}],"version-history":[{"count":0,"href":"https:\/\/jugulajm.net\/index.php?rest_route=\/wp\/v2\/posts\/55830\/revisions"}],"wp:featuredmedia":[{"embeddable":true,"href":"https:\/\/jugulajm.net\/index.php?rest_route=\/wp\/v2\/media\/55832"}],"wp:attachment":[{"href":"https:\/\/jugulajm.net\/index.php?rest_route=%2Fwp%2Fv2%2Fmedia&parent=55830"}],"wp:term":[{"taxonomy":"category","embeddable":true,"href":"https:\/\/jugulajm.net\/index.php?rest_route=%2Fwp%2Fv2%2Fcategories&post=55830"},{"taxonomy":"post_tag","embeddable":true,"href":"https:\/\/jugulajm.net\/index.php?rest_route=%2Fwp%2Fv2%2Ftags&post=55830"}],"curies":[{"name":"wp","href":"https:\/\/api.w.org\/{rel}","templated":true}]}}