{"id":55774,"date":"2023-02-04T10:49:04","date_gmt":"2023-02-04T09:49:04","guid":{"rendered":"https:\/\/jugulajm.net\/?p=55774"},"modified":"2023-02-04T10:49:04","modified_gmt":"2023-02-04T09:49:04","slug":"arrestimi-i-alda-klosit-zbulohen-detaje-se-cfare-deshmoi-pastruesja-leket-vinin-me-canta","status":"publish","type":"post","link":"https:\/\/jugulajm.net\/?p=55774","title":{"rendered":"Arrestimi i Alda Klosit\/ Zbulohen detaje se \u00e7far\u00eb d\u00ebshmoi pastruesja: Lek\u00ebt vinin me \u00e7anta"},"content":{"rendered":"<p>T\u00eb tjera detaje dalin nga arrestimi i Alda Klosit. Si\u00e7 m\u00ebsohet ajo \u00ebsht\u00eb shoq\u00ebruar n\u00eb polici rreth or\u00ebs 18:00 t\u00eb s\u00eb premtes dhe \u00ebsht\u00eb v\u00ebn\u00eb n\u00eb pranga n\u00eb or\u00ebn 22:30. Klosi akuzohet p\u00ebr fshehje pasurie, pastrim parash dhe deklarim t\u00eb rrem\u00eb para oficerit t\u00eb policis\u00eb.<\/p>\n<p><em>\u201cSpecialist\u00ebt e Seksionit p\u00ebr Hetimin e Pastrimit t\u00eb Parave dhe Asetet Kriminale ekzekutuan urdhrin e Prokuroris\u00eb s\u00eb Rrethit Gjyq\u00ebsor Tiran\u00eb dhe ndaluan shtetasen Alda Klosi (\u00c7)., 41 vje\u00e7e, banuese n\u00eb Tiran\u00eb, e dyshuar p\u00ebr veprat penale \u201cRefuzim p\u00ebr deklarim, mos deklarim, fshehjen ose deklarim i rrem\u00eb i pasurive, interesave private t\u00eb personave t\u00eb zgjedhur e n\u00ebnpun\u00ebsve publik, ose i \u00e7do personi tjet\u00ebr q\u00eb ka detyrimin ligjor p\u00ebr deklarim\u201d, \u201cPastrimi i produkteve t\u00eb vepr\u00ebs penale ose t\u00eb veprimatris\u00eb kiminale\u201d dhe \u201cDeklarata e rreme p\u00ebrpara oficerit t\u00eb policis\u00eb gjyq\u00ebsore\u201d\u201d,\u00a0<\/em>njoftoi zyrtarisht policia.<\/p>\n<p>Ka qen\u00eb d\u00ebshmia e re e Rozeta Dobit, pastrueses s\u00eb sht\u00ebpis\u00eb s\u00eb Klosit, e cila aktualisht ndodhet n\u00eb qeli pas akuzave se bashk\u00eb me djalin, Havier Dobin, se grabit\u00ebn para dhe sende t\u00eb tjera me vler\u00eb, q\u00eb ka b\u00ebr\u00eb prokurorin\u00eb t\u00eb firmos\u00eb urdhrin p\u00ebr arrestimin e saj.<\/p>\n<p>Rozeta Dobi \u00ebsht\u00eb marr\u00eb n\u00eb pyetje n\u00eb Drejtorin\u00eb e Policis\u00eb dhe \u00ebsht\u00eb shprehur se ngjarjen e vjedhjes e ka inskenuar pasi Alda Klosi donte t\u00eb ngarkonte me p\u00ebrgjegj\u00ebsi burrin. Sipas Dobit, n\u00eb Dhjetor 2022, Klosi i ka k\u00ebrkuar q\u00eb t\u2019i ruante parat\u00eb sepse kishte konflikte me bashk\u00ebshortin. Sipas pastrueses parat\u00eb vinin q\u00eb nga viti 2021 n\u00eb \u00e7ant\u00eb, por nuk e dinte se kush i sillte.<\/p>\n<p><em>\u201cLek\u00ebt vitin q\u00eb nga 2021. Nuk kam dijeni kush i sillte, por vinin n\u00eb \u00e7ant\u00eb. N\u00eb Dhjetor 2022, Alda ngaq\u00eb kishte konflikte me burrin m\u00eb k\u00ebrkoi t\u2019i ruaja. At\u00eb dit\u00eb q\u00eb i mora nuk ishte n\u00eb sht\u00ebpi. M\u00eb tha merri n\u00eb kasafort\u00eb. Ngjarjen e vjedhjes e inskenova pasi ajo donte t\u00eb ngarkonte me p\u00ebrgjegj\u00ebsi burrin. At\u00eb dit\u00eb s\u2019kam marr\u00eb lek\u00eb\u201d,<\/em>\u00a0m\u00ebsohet t\u00eb ket\u00eb th\u00ebn\u00eb Dobi.<\/p>\n<p>Alda Klosi ka mohuar q\u00eb t\u00eb jet\u00eb bashk\u00ebpun\u00ebtore. Policia ka dyshime p\u00ebr t\u00eb dyja d\u00ebshmit\u00eb, edhe t\u00eb Rozeta Dobit, pasi mund t\u00eb jet\u00eb p\u00ebr t\u00eb shp\u00ebtuar t\u00eb birin, por edhe p\u00ebr d\u00ebshmia e Alda Klosit q\u00eb nuk ka pasur bashk\u00ebpunim dhe nuk ka pasur faj merret me rezerva.<\/p>\n<p>Kujtojm\u00eb se sanitarja Rozeta Dobi n\u00eb bashk\u00ebpunim me djalin Havier Dobi u arrestuan pas dyshimeve se n\u00eb sht\u00ebpin\u00eb e Klosit grabit\u00ebn 120 mij\u00eb euro dhe sende t\u00eb tjera me vler\u00eb. Nga kontrolli n\u00eb sht\u00ebpin\u00eb e Rozeta Dobit, policia gjeti po ashtu edhe nj\u00eb shum\u00eb prej mbi 400 mij\u00eb eurosh t\u00eb tjera, t\u00eb cilat Dobi tha se i p\u00ebrkisnin Klosit.<\/p>\n","protected":false},"excerpt":{"rendered":"<p>T\u00eb tjera detaje dalin nga arrestimi i Alda Klosit. Si\u00e7 m\u00ebsohet ajo \u00ebsht\u00eb shoq\u00ebruar n\u00eb polici rreth or\u00ebs 18:00 t\u00eb s\u00eb premtes dhe \u00ebsht\u00eb v\u00ebn\u00eb n\u00eb pranga n\u00eb or\u00ebn 22:30. Klosi akuzohet p\u00ebr fshehje pasurie, pastrim parash dhe deklarim t\u00eb rrem\u00eb para oficerit t\u00eb policis\u00eb. \u201cSpecialist\u00ebt e Seksionit p\u00ebr Hetimin e Pastrimit t\u00eb Parave dhe [&hellip;]<\/p>\n","protected":false},"author":5,"featured_media":55023,"comment_status":"open","ping_status":"open","sticky":false,"template":"","format":"standard","meta":{"footnotes":""},"categories":[1,6332],"tags":[21755],"class_list":{"0":"post-55774","1":"post","2":"type-post","3":"status-publish","4":"format-standard","5":"has-post-thumbnail","7":"category-aktualitet","8":"category-te-fundit","9":"tag-arrestimi-i-alda-klosit-zbulohen-detaje-se-cfare-deshmoi-pastruesja-leket-vinin-me-canta"},"_links":{"self":[{"href":"https:\/\/jugulajm.net\/index.php?rest_route=\/wp\/v2\/posts\/55774","targetHints":{"allow":["GET"]}}],"collection":[{"href":"https:\/\/jugulajm.net\/index.php?rest_route=\/wp\/v2\/posts"}],"about":[{"href":"https:\/\/jugulajm.net\/index.php?rest_route=\/wp\/v2\/types\/post"}],"author":[{"embeddable":true,"href":"https:\/\/jugulajm.net\/index.php?rest_route=\/wp\/v2\/users\/5"}],"replies":[{"embeddable":true,"href":"https:\/\/jugulajm.net\/index.php?rest_route=%2Fwp%2Fv2%2Fcomments&post=55774"}],"version-history":[{"count":0,"href":"https:\/\/jugulajm.net\/index.php?rest_route=\/wp\/v2\/posts\/55774\/revisions"}],"wp:featuredmedia":[{"embeddable":true,"href":"https:\/\/jugulajm.net\/index.php?rest_route=\/wp\/v2\/media\/55023"}],"wp:attachment":[{"href":"https:\/\/jugulajm.net\/index.php?rest_route=%2Fwp%2Fv2%2Fmedia&parent=55774"}],"wp:term":[{"taxonomy":"category","embeddable":true,"href":"https:\/\/jugulajm.net\/index.php?rest_route=%2Fwp%2Fv2%2Fcategories&post=55774"},{"taxonomy":"post_tag","embeddable":true,"href":"https:\/\/jugulajm.net\/index.php?rest_route=%2Fwp%2Fv2%2Ftags&post=55774"}],"curies":[{"name":"wp","href":"https:\/\/api.w.org\/{rel}","templated":true}]}}