{"id":55681,"date":"2023-02-01T15:00:39","date_gmt":"2023-02-01T14:00:39","guid":{"rendered":"https:\/\/jugulajm.net\/?p=55681"},"modified":"2023-02-01T15:00:39","modified_gmt":"2023-02-01T14:00:39","slug":"plagosje-ne-vjene-autori-eshte-30-vjec-zyrtar-ne-avokaturen-e-shtetit-ne-shqiperi","status":"publish","type":"post","link":"https:\/\/jugulajm.net\/?p=55681","title":{"rendered":"Plagosje n\u00eb Vjen\u00eb, autori \u00ebsht\u00eb 30 vje\u00e7, zyrtar n\u00eb Avokatur\u00ebn e Shtetit n\u00eb Shqip\u00ebri"},"content":{"rendered":"<p>Nj\u00eb 30-vje\u00e7ar, zyrtar n\u00eb Avokatur\u00ebn e Shtetit n\u00eb Shqip\u00ebri raportohet se \u00ebsht\u00eb autori i nj\u00eb plagosjeje t\u00eb ndodhur n\u00eb Vjen\u00eb, Austri.<\/p>\n<p>Mediat vendase shkruajn\u00eb se 30-vje\u00e7ari, emri i t\u00eb cilit nuk b\u00ebhet me dije ka plagosur nj\u00eb burr\u00eb pasdite e djeshme, rreth or\u00ebs 16:20. Ai \u00ebsht\u00eb par\u00eb t\u00eb dal\u00eb nga apartamenti i personit q\u00eb plagosi, me thik\u00eb n\u00eb dor\u00eb dhe i lyer me gjak.<\/p>\n<p>I plagosuri \u00ebsht\u00eb gjithashtu 30 vje\u00e7, por nuk b\u00ebhet me dije n\u00ebse \u00ebsht\u00eb shqiptar. Ai \u00ebsht\u00eb shtruar n\u00eb spital dhe ndodhet jasht\u00eb rrezikut p\u00ebr jet\u00ebn, nd\u00ebrsa autori \u00ebsht\u00eb v\u00ebn\u00eb n\u00eb pranga.<\/p>\n<p><em>&#8220;30-vje\u00e7ari\u00a0 u d\u00ebrgua n\u00eb burg me urdh\u00ebr t\u00eb prokuroris\u00eb publike t\u00eb Vjen\u00ebs.\u00a0Zyra e Policis\u00eb Kriminale t\u00eb Vjen\u00ebs, dega jugore, mori p\u00ebrsip\u00ebr hetimin.\u00a0I plagosuri do t\u00eb merret n\u00eb pyetje gjat\u00eb dit\u00ebs s\u00eb sotme,&#8221;- thuhet n\u00eb artikull.\u00a0<\/em><\/p>\n","protected":false},"excerpt":{"rendered":"<p>Nj\u00eb 30-vje\u00e7ar, zyrtar n\u00eb Avokatur\u00ebn e Shtetit n\u00eb Shqip\u00ebri raportohet se \u00ebsht\u00eb autori i nj\u00eb plagosjeje t\u00eb ndodhur n\u00eb Vjen\u00eb, Austri. Mediat vendase shkruajn\u00eb se 30-vje\u00e7ari, emri i t\u00eb cilit nuk b\u00ebhet me dije ka plagosur nj\u00eb burr\u00eb pasdite e djeshme, rreth or\u00ebs 16:20. Ai \u00ebsht\u00eb par\u00eb t\u00eb dal\u00eb nga apartamenti i personit q\u00eb plagosi, [&hellip;]<\/p>\n","protected":false},"author":5,"featured_media":55682,"comment_status":"open","ping_status":"open","sticky":false,"template":"","format":"standard","meta":{"footnotes":""},"categories":[1,6332],"tags":[21717,21716,21718],"class_list":{"0":"post-55681","1":"post","2":"type-post","3":"status-publish","4":"format-standard","5":"has-post-thumbnail","7":"category-aktualitet","8":"category-te-fundit","9":"tag-autori-eshte-30-vjec","10":"tag-plagosje-ne-vjene","11":"tag-zyrtar-ne-avokaturen-e-shtetit-ne-shqiperi"},"_links":{"self":[{"href":"https:\/\/jugulajm.net\/index.php?rest_route=\/wp\/v2\/posts\/55681","targetHints":{"allow":["GET"]}}],"collection":[{"href":"https:\/\/jugulajm.net\/index.php?rest_route=\/wp\/v2\/posts"}],"about":[{"href":"https:\/\/jugulajm.net\/index.php?rest_route=\/wp\/v2\/types\/post"}],"author":[{"embeddable":true,"href":"https:\/\/jugulajm.net\/index.php?rest_route=\/wp\/v2\/users\/5"}],"replies":[{"embeddable":true,"href":"https:\/\/jugulajm.net\/index.php?rest_route=%2Fwp%2Fv2%2Fcomments&post=55681"}],"version-history":[{"count":0,"href":"https:\/\/jugulajm.net\/index.php?rest_route=\/wp\/v2\/posts\/55681\/revisions"}],"wp:featuredmedia":[{"embeddable":true,"href":"https:\/\/jugulajm.net\/index.php?rest_route=\/wp\/v2\/media\/55682"}],"wp:attachment":[{"href":"https:\/\/jugulajm.net\/index.php?rest_route=%2Fwp%2Fv2%2Fmedia&parent=55681"}],"wp:term":[{"taxonomy":"category","embeddable":true,"href":"https:\/\/jugulajm.net\/index.php?rest_route=%2Fwp%2Fv2%2Fcategories&post=55681"},{"taxonomy":"post_tag","embeddable":true,"href":"https:\/\/jugulajm.net\/index.php?rest_route=%2Fwp%2Fv2%2Ftags&post=55681"}],"curies":[{"name":"wp","href":"https:\/\/api.w.org\/{rel}","templated":true}]}}