{"id":55678,"date":"2023-02-01T13:11:01","date_gmt":"2023-02-01T12:11:01","guid":{"rendered":"https:\/\/jugulajm.net\/?p=55678"},"modified":"2023-02-01T13:12:41","modified_gmt":"2023-02-01T12:12:41","slug":"emrat-kercet-druri-ne-burg-i-denuari-i-perjetshem-godet-policin","status":"publish","type":"post","link":"https:\/\/jugulajm.net\/?p=55678","title":{"rendered":"EMRAT\/ K\u00ebrcet &#8216;druri&#8217; n\u00eb burg, i d\u00ebnuari i p\u00ebrjetsh\u00ebm godet policin"},"content":{"rendered":"<p>Nj\u00eb sherr ka ndodhur n\u00eb burgun e Drenov\u00ebs dit\u00ebn e sotme. Nj\u00eb i d\u00ebnuar me burgim t\u00eb p\u00ebrjetsh\u00ebm p\u00ebr vrasje ka goditur efektivin Erjon \u00c7eki\u00e7i.<\/p>\n<p>M\u00ebsohet se\u00a0i d\u00ebnuari \u00ebsht\u00eb Osman Vani, i cili pas goditjes s\u00eb gardanit t\u00eb burgut \u00ebsht\u00eb l\u00ebn\u00eb n\u00eb siguri t\u00eb lart\u00eb.<\/p>\n<p>Nd\u00ebrkoh\u00eb q\u00eb efektivi ka marr\u00eb disa d\u00ebmtime t\u00eb lehta dhe d\u00ebrguar n\u00eb infermierin\u00eb e burgut p\u00ebr t\u00eb marr\u00eb ndihm\u00eb mjek\u00ebsore.<\/p>\n<p>Ende nuk dihet se cili ka qen\u00eb shkaku p\u00ebr dhun\u00ebn e krijuar n\u00eb burgun e Drenov\u00ebs, nd\u00ebrkoh\u00eb q\u00eb materialet jan\u00eb d\u00ebrguar prokuroris\u00eb p\u00ebr veprime t\u00eb m\u00ebtejshme.<\/p>\n","protected":false},"excerpt":{"rendered":"<p>Nj\u00eb sherr ka ndodhur n\u00eb burgun e Drenov\u00ebs dit\u00ebn e sotme. Nj\u00eb i d\u00ebnuar me burgim t\u00eb p\u00ebrjetsh\u00ebm p\u00ebr vrasje ka goditur efektivin Erjon \u00c7eki\u00e7i. M\u00ebsohet se\u00a0i d\u00ebnuari \u00ebsht\u00eb Osman Vani, i cili pas goditjes s\u00eb gardanit t\u00eb burgut \u00ebsht\u00eb l\u00ebn\u00eb n\u00eb siguri t\u00eb lart\u00eb. Nd\u00ebrkoh\u00eb q\u00eb efektivi ka marr\u00eb disa d\u00ebmtime t\u00eb lehta dhe [&hellip;]<\/p>\n","protected":false},"author":5,"featured_media":47349,"comment_status":"open","ping_status":"open","sticky":false,"template":"","format":"standard","meta":{"footnotes":""},"categories":[1,6332],"tags":[21714,21715],"class_list":{"0":"post-55678","1":"post","2":"type-post","3":"status-publish","4":"format-standard","5":"has-post-thumbnail","7":"category-aktualitet","8":"category-te-fundit","9":"tag-emrat-kercet-druri-ne-burg","10":"tag-i-denuari-i-perjetshem-godet-policin"},"_links":{"self":[{"href":"https:\/\/jugulajm.net\/index.php?rest_route=\/wp\/v2\/posts\/55678","targetHints":{"allow":["GET"]}}],"collection":[{"href":"https:\/\/jugulajm.net\/index.php?rest_route=\/wp\/v2\/posts"}],"about":[{"href":"https:\/\/jugulajm.net\/index.php?rest_route=\/wp\/v2\/types\/post"}],"author":[{"embeddable":true,"href":"https:\/\/jugulajm.net\/index.php?rest_route=\/wp\/v2\/users\/5"}],"replies":[{"embeddable":true,"href":"https:\/\/jugulajm.net\/index.php?rest_route=%2Fwp%2Fv2%2Fcomments&post=55678"}],"version-history":[{"count":0,"href":"https:\/\/jugulajm.net\/index.php?rest_route=\/wp\/v2\/posts\/55678\/revisions"}],"wp:featuredmedia":[{"embeddable":true,"href":"https:\/\/jugulajm.net\/index.php?rest_route=\/wp\/v2\/media\/47349"}],"wp:attachment":[{"href":"https:\/\/jugulajm.net\/index.php?rest_route=%2Fwp%2Fv2%2Fmedia&parent=55678"}],"wp:term":[{"taxonomy":"category","embeddable":true,"href":"https:\/\/jugulajm.net\/index.php?rest_route=%2Fwp%2Fv2%2Fcategories&post=55678"},{"taxonomy":"post_tag","embeddable":true,"href":"https:\/\/jugulajm.net\/index.php?rest_route=%2Fwp%2Fv2%2Ftags&post=55678"}],"curies":[{"name":"wp","href":"https:\/\/api.w.org\/{rel}","templated":true}]}}