{"id":55671,"date":"2023-02-01T09:53:42","date_gmt":"2023-02-01T08:53:42","guid":{"rendered":"https:\/\/jugulajm.net\/?p=55671"},"modified":"2023-02-01T09:53:42","modified_gmt":"2023-02-01T08:53:42","slug":"harta-e-re-gjyqesore-nga-sot-do-te-kete-gjykate-apeli-vetem-ne-tirane","status":"publish","type":"post","link":"https:\/\/jugulajm.net\/?p=55671","title":{"rendered":"Harta e re gjyq\u00ebsore\/ Nga sot do t\u00eb ket\u00eb Gjykat\u00eb Apeli vet\u00ebm n\u00eb Tiran\u00eb"},"content":{"rendered":"<p>Sot hyn n\u00eb fuqi harta e re gjyq\u00ebsore \u00e7ka do t\u00eb thot\u00eb 5 Gjykatat e Apelit n\u00eb vend nuk funksionojn\u00eb m\u00eb. Do t\u00eb ket\u00eb vet\u00ebm nj\u00eb Gjykat\u00eb Apeli n\u00eb Tiran\u00eb.<\/p>\n<p>Gjykatat e Apelit n\u00eb Gjirokast\u00ebr, Kor\u00e7\u00eb, Shkod\u00ebr, Durr\u00ebs dhe Vlor\u00eb prej dit\u00ebs s\u00eb sotme (1 Shkurt) nuk jan\u00eb m\u00eb funksionale. Me vendim t\u00eb KLGJ-s\u00eb k\u00ebto gjykata jan\u00eb shkrir\u00eb dhe funksionale do t\u00eb jet\u00eb vet\u00ebm Gjykata e Apelit n\u00eb Tiran\u00eb, q\u00eb do t\u00eb shqyrtoj\u00eb t\u00eb gjitha \u00e7\u00ebshtjet n\u00eb rang republike.<\/p>\n<p>Nd\u00ebrsa n\u00eb gjykatat e apelit q\u00eb u mbyll\u00ebn, do t\u00eb mbetet e hapur vet\u00ebm nj\u00eb zyr\u00eb informacioni p\u00ebr qytetar\u00ebt ku k\u00ebta t\u00eb fundit do t\u00eb ken\u00eb mund\u00ebsi t\u00eb k\u00ebrkojn\u00eb informacion apo t\u00eb depozitojn\u00eb ankesa.<\/p>\n<p>Nd\u00ebrkoh\u00eb, kryetarja e KLGJ-s\u00eb, Naureda Llagami, n\u00eb nj\u00eb takim mes an\u00ebtar\u00ebve t\u00eb KLGJ dhe gjyqtar\u00ebve m\u00ebngjesin e s\u00eb h\u00ebn\u00ebs, b\u00ebri t\u00eb ditur se kjo hart\u00eb e re gjyq\u00ebsore do t\u00eb p\u00ebrmir\u00ebsoj\u00eb cil\u00ebsin\u00eb e sh\u00ebrbimit.<\/p>\n<p>Sipas Llagamit, \u00e7\u00ebshtjet t\u00eb cilat kan\u00eb filluar gjykimin n\u00eb gjykatat e apelit n\u00eb rrethe q\u00eb u \u201cshkrin\u00eb\u201d, do t\u00eb vazhdojn\u00eb gjykimin.<\/p>\n","protected":false},"excerpt":{"rendered":"<p>Sot hyn n\u00eb fuqi harta e re gjyq\u00ebsore \u00e7ka do t\u00eb thot\u00eb 5 Gjykatat e Apelit n\u00eb vend nuk funksionojn\u00eb m\u00eb. Do t\u00eb ket\u00eb vet\u00ebm nj\u00eb Gjykat\u00eb Apeli n\u00eb Tiran\u00eb. Gjykatat e Apelit n\u00eb Gjirokast\u00ebr, Kor\u00e7\u00eb, Shkod\u00ebr, Durr\u00ebs dhe Vlor\u00eb prej dit\u00ebs s\u00eb sotme (1 Shkurt) nuk jan\u00eb m\u00eb funksionale. Me vendim t\u00eb KLGJ-s\u00eb k\u00ebto [&hellip;]<\/p>\n","protected":false},"author":5,"featured_media":55673,"comment_status":"open","ping_status":"open","sticky":false,"template":"","format":"standard","meta":{"footnotes":""},"categories":[1,6332],"tags":[21711],"class_list":{"0":"post-55671","1":"post","2":"type-post","3":"status-publish","4":"format-standard","5":"has-post-thumbnail","7":"category-aktualitet","8":"category-te-fundit","9":"tag-harta-e-re-gjyqesore-nga-sot-do-te-kete-gjykate-apeli-vetem-ne-tirane"},"_links":{"self":[{"href":"https:\/\/jugulajm.net\/index.php?rest_route=\/wp\/v2\/posts\/55671","targetHints":{"allow":["GET"]}}],"collection":[{"href":"https:\/\/jugulajm.net\/index.php?rest_route=\/wp\/v2\/posts"}],"about":[{"href":"https:\/\/jugulajm.net\/index.php?rest_route=\/wp\/v2\/types\/post"}],"author":[{"embeddable":true,"href":"https:\/\/jugulajm.net\/index.php?rest_route=\/wp\/v2\/users\/5"}],"replies":[{"embeddable":true,"href":"https:\/\/jugulajm.net\/index.php?rest_route=%2Fwp%2Fv2%2Fcomments&post=55671"}],"version-history":[{"count":0,"href":"https:\/\/jugulajm.net\/index.php?rest_route=\/wp\/v2\/posts\/55671\/revisions"}],"wp:featuredmedia":[{"embeddable":true,"href":"https:\/\/jugulajm.net\/index.php?rest_route=\/wp\/v2\/media\/55673"}],"wp:attachment":[{"href":"https:\/\/jugulajm.net\/index.php?rest_route=%2Fwp%2Fv2%2Fmedia&parent=55671"}],"wp:term":[{"taxonomy":"category","embeddable":true,"href":"https:\/\/jugulajm.net\/index.php?rest_route=%2Fwp%2Fv2%2Fcategories&post=55671"},{"taxonomy":"post_tag","embeddable":true,"href":"https:\/\/jugulajm.net\/index.php?rest_route=%2Fwp%2Fv2%2Ftags&post=55671"}],"curies":[{"name":"wp","href":"https:\/\/api.w.org\/{rel}","templated":true}]}}