{"id":55639,"date":"2023-01-31T13:28:41","date_gmt":"2023-01-31T12:28:41","guid":{"rendered":"https:\/\/jugulajm.net\/?p=55639"},"modified":"2023-01-31T13:28:41","modified_gmt":"2023-01-31T12:28:41","slug":"klp-i-jep-mandat-drejtuesi-tre-vjecar-prokurorit-te-sarandes-emri","status":"publish","type":"post","link":"https:\/\/jugulajm.net\/?p=55639","title":{"rendered":"KLP i jep mandat drejtuesi tre vje\u00e7ar Prokurorit t\u00eb Sarand\u00ebs\/EMRI"},"content":{"rendered":"<p>Kryetari i KLP, Alfred Balla s\u00eb bashku edhe me zv\/ kryetarin e KLP, Tartar Bazaj prezantuan sot drejtuesin e Prokuroris\u00eb s\u00eb Sarand\u00ebs p\u00ebr nj\u00eb mandat tre vje\u00e7ar, Kledian Llaho.<\/p>\n<p>Prezantimi i drejtuesit t\u00eb Prokuroris\u00eb, Kledian Llaho vjen pas vendimit t\u00eb marr\u00eb nga KLP n\u00eb mbledhjen e dat\u00ebs 30 janar 2023.<\/p>\n<p>Kryetari Balla i uroi suksese drejtuesit Llaho nd\u00ebrsa u shpreh se, p\u00ebr vet\u00eb r\u00ebnd\u00ebsin\u00eb q\u00eb ka Prokuroria e Sarand\u00ebs KLP vendosi q\u00eb ta p\u00ebrfshij\u00eb n\u00eb hart\u00ebn e re te sistemit t\u00eb drejt\u00ebsis\u00eb.<\/p>\n<p>Nd\u00ebrsa k\u00ebrkoi nga ana e prokuror\u00ebve t\u00eb Sarand\u00ebs impenjim maksimal t\u00eb fokusuar n\u00eb \u00e7\u00ebshtje t\u00eb drejtp\u00ebrdrejt tek qytetar\u00ebt e rajonit.<\/p>\n<p>Zv\/kryetari Tartar Bazaj pas urimit u shpreh q\u00eb prokuroria e Sarand\u00ebs ka nevoj\u00eb p\u00ebr nj\u00eb godin\u00eb t\u00eb re se mjediset aktuale nuk jan\u00eb t\u00eb mjaftueshme p\u00ebr pun\u00ebn e prokuror\u00ebve por edhe t\u00eb oficer\u00ebve t\u00eb policis\u00eb gjyq\u00ebsore.<\/p>\n<p>Vet\u00eb drejtuesi i Prokuroris\u00eb, Kledian Llaho duke fal\u00ebnderuar KLP p\u00ebr vler\u00ebsimin dhe besimin p\u00ebr em\u00ebrimin e tij n\u00eb krye t\u00eb Prokuroris\u00eb s\u00eb Sarand\u00ebs, k\u00ebrkoi nga KLP dhe Prokuroria e Pergjithshme plot\u00ebsimin e vendeve vakante n\u00eb Prokurorin\u00eb e Sarand\u00ebs, ku nga 6 prokuror\u00eb n\u00eb organik\u00eb, aktualisht jan\u00eb vet\u00ebm 4.<\/p>\n","protected":false},"excerpt":{"rendered":"<p>Kryetari i KLP, Alfred Balla s\u00eb bashku edhe me zv\/ kryetarin e KLP, Tartar Bazaj prezantuan sot drejtuesin e Prokuroris\u00eb s\u00eb Sarand\u00ebs p\u00ebr nj\u00eb mandat tre vje\u00e7ar, Kledian Llaho. Prezantimi i drejtuesit t\u00eb Prokuroris\u00eb, Kledian Llaho vjen pas vendimit t\u00eb marr\u00eb nga KLP n\u00eb mbledhjen e dat\u00ebs 30 janar 2023. Kryetari Balla i uroi suksese [&hellip;]<\/p>\n","protected":false},"author":5,"featured_media":55640,"comment_status":"open","ping_status":"open","sticky":false,"template":"","format":"standard","meta":{"footnotes":""},"categories":[1,6332],"tags":[21697],"class_list":{"0":"post-55639","1":"post","2":"type-post","3":"status-publish","4":"format-standard","5":"has-post-thumbnail","7":"category-aktualitet","8":"category-te-fundit","9":"tag-klp-i-jep-mandat-drejtuesi-tre-vjecar-prokurorit-te-sarandes-emri"},"_links":{"self":[{"href":"https:\/\/jugulajm.net\/index.php?rest_route=\/wp\/v2\/posts\/55639","targetHints":{"allow":["GET"]}}],"collection":[{"href":"https:\/\/jugulajm.net\/index.php?rest_route=\/wp\/v2\/posts"}],"about":[{"href":"https:\/\/jugulajm.net\/index.php?rest_route=\/wp\/v2\/types\/post"}],"author":[{"embeddable":true,"href":"https:\/\/jugulajm.net\/index.php?rest_route=\/wp\/v2\/users\/5"}],"replies":[{"embeddable":true,"href":"https:\/\/jugulajm.net\/index.php?rest_route=%2Fwp%2Fv2%2Fcomments&post=55639"}],"version-history":[{"count":0,"href":"https:\/\/jugulajm.net\/index.php?rest_route=\/wp\/v2\/posts\/55639\/revisions"}],"wp:featuredmedia":[{"embeddable":true,"href":"https:\/\/jugulajm.net\/index.php?rest_route=\/wp\/v2\/media\/55640"}],"wp:attachment":[{"href":"https:\/\/jugulajm.net\/index.php?rest_route=%2Fwp%2Fv2%2Fmedia&parent=55639"}],"wp:term":[{"taxonomy":"category","embeddable":true,"href":"https:\/\/jugulajm.net\/index.php?rest_route=%2Fwp%2Fv2%2Fcategories&post=55639"},{"taxonomy":"post_tag","embeddable":true,"href":"https:\/\/jugulajm.net\/index.php?rest_route=%2Fwp%2Fv2%2Ftags&post=55639"}],"curies":[{"name":"wp","href":"https:\/\/api.w.org\/{rel}","templated":true}]}}