{"id":55636,"date":"2023-01-31T11:29:24","date_gmt":"2023-01-31T10:29:24","guid":{"rendered":"https:\/\/jugulajm.net\/?p=55636"},"modified":"2023-01-31T11:29:49","modified_gmt":"2023-01-31T10:29:49","slug":"video-gripi-ben-namin-ne-gjirokaster-dhjetera-raste-perdite","status":"publish","type":"post","link":"https:\/\/jugulajm.net\/?p=55636","title":{"rendered":"VIDEO\/Gripi b\u00ebn namin n\u00eb Gjirokast\u00ebr, dhjet\u00ebra raste p\u00ebrdit\u00eb"},"content":{"rendered":"<p>Muaji janar solli nj\u00eb shtim t\u00eb rasteve me viroza n\u00ebp\u00ebr qendrat sh\u00ebndet\u00ebsore n\u00eb Gjirokast\u00ebr por edhe n\u00eb Pavionin e Pediatris\u00eb n\u00eb Spitalin Rajonal \u201cOmer Nishani\u201d ndon\u00ebse n\u00eb k\u00ebt\u00eb t\u00eb fundit m\u00eb t\u00eb rralla.<\/p>\n<p>Mjeku specialist Rovin Laro thot\u00eb se dit\u00ebt e fundit ka nj\u00eb shtim t\u00eb rasteve gripale duke b\u00ebr\u00eb q\u00eb numri i pacient\u00ebve n\u00eb qendrat sh\u00ebndet\u00ebsore t\u00eb jet\u00eb dyshifrore apo n\u00eb disa raste dhe treshifrore dhe kjo n\u00eb var\u00ebsi t\u00eb dit\u00ebve. M\u00eb t\u00eb prekur mbeten moshat aktive kryesisht t\u00eb personave q\u00eb punojn\u00eb n\u00eb grup admnistrat\u00eb apo fasoneri p\u00ebr shkak t\u00eb kontakteve t\u00eb shumta q\u00eb krijojn\u00eb.<\/p>\n<p>Mjeku b\u00ebn me dije se ky grip \u00ebsht\u00eb m\u00eb i fort\u00eb se ai i viteve t\u00eb m\u00ebparshme. Ndersa problem mbetet dallimi midis gripit sezonal dhe Covid 19.<\/p>\n<p>Sipas specialistit pran\u00eb NJVKSH Gjirokast\u00ebr Vaso Bashari, dallimi b\u00ebhet vet\u00ebm n\u00ebp\u00ebrmjet testimeve t\u00eb cilat verifikojn\u00eb pranin\u00eb ose jo t\u00eb Covid 19. Sipas tij gjat\u00eb k\u00ebtyre dit\u00ebve jan\u00eb konfirmuar disa raste s\u00ebrish me Covid 19. Jasht\u00eb kamerave pacient\u00ebt thon\u00eb se kryesisht simptomat q\u00eb kan\u00eb jan\u00eb dhimbje fyti, koll\u00eb e that\u00eb dhe temperatur\u00eb deri ne 39.<\/p>\n","protected":false},"excerpt":{"rendered":"<p>Muaji janar solli nj\u00eb shtim t\u00eb rasteve me viroza n\u00ebp\u00ebr qendrat sh\u00ebndet\u00ebsore n\u00eb Gjirokast\u00ebr por edhe n\u00eb Pavionin e Pediatris\u00eb n\u00eb Spitalin Rajonal \u201cOmer Nishani\u201d ndon\u00ebse n\u00eb k\u00ebt\u00eb t\u00eb fundit m\u00eb t\u00eb rralla. Mjeku specialist Rovin Laro thot\u00eb se dit\u00ebt e fundit ka nj\u00eb shtim t\u00eb rasteve gripale duke b\u00ebr\u00eb q\u00eb numri i pacient\u00ebve n\u00eb [&hellip;]<\/p>\n","protected":false},"author":5,"featured_media":55638,"comment_status":"open","ping_status":"open","sticky":false,"template":"","format":"video","meta":{"footnotes":""},"categories":[1,6332],"tags":[21696,21694,21695],"class_list":{"0":"post-55636","1":"post","2":"type-post","3":"status-publish","4":"format-video","5":"has-post-thumbnail","7":"category-aktualitet","8":"category-te-fundit","9":"tag-gripi","10":"tag-rovin-laro","11":"tag-vaso-bashari","12":"post_format-post-format-video"},"_links":{"self":[{"href":"https:\/\/jugulajm.net\/index.php?rest_route=\/wp\/v2\/posts\/55636","targetHints":{"allow":["GET"]}}],"collection":[{"href":"https:\/\/jugulajm.net\/index.php?rest_route=\/wp\/v2\/posts"}],"about":[{"href":"https:\/\/jugulajm.net\/index.php?rest_route=\/wp\/v2\/types\/post"}],"author":[{"embeddable":true,"href":"https:\/\/jugulajm.net\/index.php?rest_route=\/wp\/v2\/users\/5"}],"replies":[{"embeddable":true,"href":"https:\/\/jugulajm.net\/index.php?rest_route=%2Fwp%2Fv2%2Fcomments&post=55636"}],"version-history":[{"count":0,"href":"https:\/\/jugulajm.net\/index.php?rest_route=\/wp\/v2\/posts\/55636\/revisions"}],"wp:featuredmedia":[{"embeddable":true,"href":"https:\/\/jugulajm.net\/index.php?rest_route=\/wp\/v2\/media\/55638"}],"wp:attachment":[{"href":"https:\/\/jugulajm.net\/index.php?rest_route=%2Fwp%2Fv2%2Fmedia&parent=55636"}],"wp:term":[{"taxonomy":"category","embeddable":true,"href":"https:\/\/jugulajm.net\/index.php?rest_route=%2Fwp%2Fv2%2Fcategories&post=55636"},{"taxonomy":"post_tag","embeddable":true,"href":"https:\/\/jugulajm.net\/index.php?rest_route=%2Fwp%2Fv2%2Ftags&post=55636"}],"curies":[{"name":"wp","href":"https:\/\/api.w.org\/{rel}","templated":true}]}}