{"id":55632,"date":"2023-01-31T11:20:05","date_gmt":"2023-01-31T10:20:05","guid":{"rendered":"https:\/\/jugulajm.net\/?p=55632"},"modified":"2023-01-31T11:22:51","modified_gmt":"2023-01-31T10:22:51","slug":"shperthen-aktori-na-e-neveritet-me-big-brother-boll-pate-gjera-pa-vlere","status":"publish","type":"post","link":"https:\/\/jugulajm.net\/?p=55632","title":{"rendered":"&#8221;Shp\u00ebrthen&#8221; aktori: Na e neverit\u00ebt me \u201cBig Brother\u201d, boll pat\u00eb gj\u00ebra pa vler\u00eb&#8230;"},"content":{"rendered":"<p>Aktori i njohur Arben Derhemi, \u00ebsht\u00eb shprehur i neveritur me shfaqje t\u00eb tilla si Big Brother, q\u00eb kan\u00eb t\u00ebrhequr v\u00ebmendjen e gjith\u00eb shqiptar\u00ebve.<\/p>\n<p>Ai kritikon edhe disa nga koleg\u00ebt e vet, q\u00eb jan\u00eb b\u00ebr\u00eb pjes\u00eb e shfaqjeve t\u00eb tilla.<\/p>\n<p>\u201cP\u00ebr mendimin tim nuk jan\u00eb formate q\u00eb i shkojn\u00eb shtat nj\u00eb aktori. E para e pun\u00ebs, mbi t\u00eb gjitha, se \u00ebsht\u00eb nj\u00eb koh\u00eb e humbur e tmerrshme pa asnj\u00eb lloj vlere.<\/p>\n<p>Dhe e dyta, nuk mundet nj\u00eb njeri normal t\u00eb shkoj dhe t\u00eb gjykohet n\u00eb nj\u00eb \u2018Reality\u2019 t\u00eb till\u00eb\u2026<\/p>\n<p>Un\u00eb nuk e di se si pranojn\u00eb nj\u00ebher\u00eb\u2026 po gjithsesi zgjedhja \u00ebsht\u00eb individuale\u2026 U zhvillohet facebook-u dhe instagrami\u201d, thot\u00eb ai n\u00eb nj\u00eb intervist\u00eb p\u00ebr Report TV.<\/p>\n<p>Dhe si p\u00ebr t\u2019iu kund\u00ebrv\u00ebn\u00eb shfaqjeve t\u00eb tilla pa vler\u00eb si \u201cBig Brother\u201d, Derhemi thot\u00eb se shum\u00eb shpejt, me iniciativ\u00eb t\u00eb tij, n\u00eb ekran do t\u00eb rikthehet seriali i famsh\u00ebm \u201cNjer\u00ebz dhe fate\u201d, me seri t\u00eb reja.<\/p>\n<p>Serial q\u00eb do t\u00eb rikthej\u00eb n\u00eb ekran kollosin e sken\u00ebs shqiptare, Robert Ndrenika.<\/p>\n<p>\u201cNe shihemi thuajse \u00e7do dit\u00eb me Robert Ndrenik\u00ebn. \u00cbsht\u00eb k\u00ebnaq\u00ebsi pjes\u00ebmarrja e tij n\u00eb film , ku roli do t\u00eb jet\u00eb shum\u00eb m\u00eb i zhvilluar se n\u00eb serit\u00eb e para\u201d, shprehet aktori Arben Derhemi.<\/p>\n<p>Serit\u00eb e reja t\u00eb \u201cNjer\u00ebz dhe Fate\u201d do t\u00eb ken\u00eb edhe aktor\u00eb t\u00eb rinj, por dhe rikthim t\u00eb kast\u00ebs s\u00eb vjet\u00ebr.<\/p>\n<p>Edhe ata q\u00eb jan\u00eb jasht\u00eb Shqip\u00ebris\u00eb, si\u00e7 \u00ebsht\u00eb aktorja Pavlina Mani, e cila jeton n\u00eb SHBA prej shum\u00eb vitesh.<\/p>\n<p>\u201cDo t\u00eb rikthehet 80 p\u00ebr qind e kast\u00ebs s\u00eb vjet\u00ebr\u2026<\/p>\n<p>Pavlina \u00ebsht\u00eb n\u00eb Amerik\u00eb, por edhe ajo do t\u00eb jet\u00eb pjes\u00eb, por do xhirohet dhe atje, n\u00eb m\u00ebnyra t\u00eb ndryshme\u201d, thot\u00eb Derhemi.<\/p>\n<p>Epo mezi po presim!<\/p>\n","protected":false},"excerpt":{"rendered":"<p>Aktori i njohur Arben Derhemi, \u00ebsht\u00eb shprehur i neveritur me shfaqje t\u00eb tilla si Big Brother, q\u00eb kan\u00eb t\u00ebrhequr v\u00ebmendjen e gjith\u00eb shqiptar\u00ebve. Ai kritikon edhe disa nga koleg\u00ebt e vet, q\u00eb jan\u00eb b\u00ebr\u00eb pjes\u00eb e shfaqjeve t\u00eb tilla. \u201cP\u00ebr mendimin tim nuk jan\u00eb formate q\u00eb i shkojn\u00eb shtat nj\u00eb aktori. E para e pun\u00ebs, [&hellip;]<\/p>\n","protected":false},"author":5,"featured_media":55633,"comment_status":"open","ping_status":"open","sticky":false,"template":"","format":"standard","meta":{"footnotes":""},"categories":[7665,6332],"tags":[21693,21692],"class_list":{"0":"post-55632","1":"post","2":"type-post","3":"status-publish","4":"format-standard","5":"has-post-thumbnail","7":"category-art","8":"category-te-fundit","9":"tag-boll-pate-gjera-pa-vlere","10":"tag-shperthen-aktori-na-e-neveritet-me-big-brother"},"_links":{"self":[{"href":"https:\/\/jugulajm.net\/index.php?rest_route=\/wp\/v2\/posts\/55632","targetHints":{"allow":["GET"]}}],"collection":[{"href":"https:\/\/jugulajm.net\/index.php?rest_route=\/wp\/v2\/posts"}],"about":[{"href":"https:\/\/jugulajm.net\/index.php?rest_route=\/wp\/v2\/types\/post"}],"author":[{"embeddable":true,"href":"https:\/\/jugulajm.net\/index.php?rest_route=\/wp\/v2\/users\/5"}],"replies":[{"embeddable":true,"href":"https:\/\/jugulajm.net\/index.php?rest_route=%2Fwp%2Fv2%2Fcomments&post=55632"}],"version-history":[{"count":0,"href":"https:\/\/jugulajm.net\/index.php?rest_route=\/wp\/v2\/posts\/55632\/revisions"}],"wp:featuredmedia":[{"embeddable":true,"href":"https:\/\/jugulajm.net\/index.php?rest_route=\/wp\/v2\/media\/55633"}],"wp:attachment":[{"href":"https:\/\/jugulajm.net\/index.php?rest_route=%2Fwp%2Fv2%2Fmedia&parent=55632"}],"wp:term":[{"taxonomy":"category","embeddable":true,"href":"https:\/\/jugulajm.net\/index.php?rest_route=%2Fwp%2Fv2%2Fcategories&post=55632"},{"taxonomy":"post_tag","embeddable":true,"href":"https:\/\/jugulajm.net\/index.php?rest_route=%2Fwp%2Fv2%2Ftags&post=55632"}],"curies":[{"name":"wp","href":"https:\/\/api.w.org\/{rel}","templated":true}]}}