{"id":55552,"date":"2023-01-28T09:39:07","date_gmt":"2023-01-28T08:39:07","guid":{"rendered":"https:\/\/jugulajm.net\/?p=55552"},"modified":"2023-01-28T09:39:07","modified_gmt":"2023-01-28T08:39:07","slug":"gjirokastriti-kadare-sot-feston-ditelindjen-e-87-te","status":"publish","type":"post","link":"https:\/\/jugulajm.net\/?p=55552","title":{"rendered":"Gjirokastriti Kadare sot feston dit\u00eblindjen e 87-t\u00eb"},"content":{"rendered":"<p>Sot feston dit\u00eblindjen e 87-t\u00eb shkrimtari gjirokastrit Ismail Kadare, nj\u00eb nga shkrimtar\u00ebt m\u00eb t\u00eb m\u00ebdhenj t\u00eb let\u00ebrsis\u00eb bashk\u00ebkohore shqipe.\u00a0 Ismail Kadare \u00ebsht\u00eb autor i shum\u00eb veprave n\u00eb poezi e proz\u00eb, fitues i shum\u00eb \u00e7mimeve komb\u00ebtare e nd\u00ebrkomb\u00ebtare, kandidat i \u00e7mimit Nobel p\u00ebr shum\u00eb vite me radh\u00eb, an\u00ebtar i Akademis\u00eb s\u00eb Shkencave t\u00eb Shqip\u00ebris\u00eb dhe an\u00ebtar i Akademis\u00eb Franceze t\u00eb Shkencave.<\/p>\n<p>Ai \u00ebsht\u00eb i martuar me Helena Kadaren, nd\u00ebrsa ndan jet\u00ebn mes Franc\u00ebs dhe Shqip\u00ebris\u00eb. Kadare vendosi t\u00eb largohej drejt Parisit n\u00eb vjesht\u00ebn e viti 1990. Shkrimtari n\u00eb at\u00eb koh\u00eb e p\u00ebrligji k\u00ebt\u00eb largim me \u201cmunges\u00ebn e ndryshimeve demokratike\u201d.<\/p>\n<p>Autor i veprave t\u00eb njohura nd\u00ebrkomb\u00ebtarisht si \u201cDimri i Vetmis\u00eb s\u00eb Madhe\u201d,\u201dKronik\u00eb n\u00eb Gur\u201d, \u201cGjenerali i Ushtris\u00eb s\u00eb Vdekur\u201d, \u201cVit i Mbrapsht\u00eb\u201d, \u201cKoncert n\u00eb fund t\u00eb dimrit\u201d, \u201cP\u00ebrbind\u00ebshi\u201d, \u201cNata me h\u00ebn\u00eb\u201d : \u201cK\u00ebshtjella\u201d, \u201c \u201cUra me tri harqe\u201d, \u201cPrilli i thyer\u201d, \u201cDosja H\u201d, \u201cPiramida\u201d, \u201cPallati i \u00ebndrrave\u201d, e shum\u00eb t\u00eb tjera.<\/p>\n<p>Vepra k\u00ebto q\u00eb kan\u00eb arritur nj\u00eb num\u00ebr rekord p\u00ebrkthimesh n\u00eb 45 gjuh\u00eb t\u00eb bot\u00ebs duke e b\u00ebr\u00eb k\u00ebshtu historin\u00eb e kultur\u00ebn e Shqip\u00ebris\u00eb t\u00eb njohur p\u00ebrtej kufijve. Edhe pse krijoi nj\u00eb vep\u00ebr me karakter universal, rr\u00ebnj\u00ebt i ka thell\u00eb n\u00eb tok\u00ebn shqiptare.<\/p>\n<p>N\u00eb vitin 1992 u vler\u00ebsua me \u201cPrix Mondial Cino Del Duca\u201d e n\u00eb vitin 2005 fitoi \u00e7mimin \u201cMan Booker International Prize\u201d ku ishte i nominuar bashk\u00eb me shkrimtar\u00eb tjer\u00eb t\u00eb m\u00ebdhenj, duke p\u00ebrfshir\u00eb nobelist\u00eb si G\u00fcnter Grass, Garbiel Garcia Marquez, Kenzaburo Oe etj.<\/p>\n<p>Kryetari i juris\u00eb e arsyetoi vendimin p\u00ebr t\u2019i dh\u00ebn\u00eb \u00e7mimin Kadares\u00eb me fjal\u00ebt:<\/p>\n<p>\u201cIsmail Kadare \u00ebsht\u00eb nj\u00eb shkrimtar q\u00eb hedh n\u00eb hart\u00eb nj\u00eb kultur\u00eb t\u00eb t\u00ebr\u00eb: historin\u00eb e saj, d\u00ebshir\u00ebn, folklorin, politik\u00ebn, fatkeqsit\u00eb. Ai \u00ebsht\u00eb nj\u00eb shkrimtar universal me tradit\u00eb rr\u00ebfimi q\u00eb shkon deri tek Homeri\u201d<\/p>\n<p>N\u00eb vitin 2009 u nderua me \u00e7mimin spanjoll \u201dPrinci Asturias\u201d \u00e7mimi m\u00eb i r\u00ebnd\u00ebsish\u00ebm letrar n\u00eb vendet spanjolle, dhe nj\u00eb nga \u00e7mimet letrare m\u00eb prestigjoze n\u00eb bot\u00eb.<\/p>\n<p>Nd\u00ebrsa n\u00eb vitin 2010 Ismail Kadare nderohet n\u00eb Itali me \u00e7mimin \u201cLerici Pea\u201d.<\/p>\n<p>\u201cDh\u00ebnia e \u00e7mimit Lerici Pea 2010 autorit Kadare, n\u00ebnkupton rolin e poezis\u00eb dhe let\u00ebrsis\u00eb si instrument lirie, duke u b\u00ebr\u00eb mb\u00ebshtetje p\u00ebr t\u00eb gjith\u00eb njer\u00ebzit e bot\u00ebs, t\u00eb cil\u00ebve iu mohoen lirit\u00eb themelore\u201d, shkruhet n\u00eb motivimin e \u00e7mimit.<\/p>\n<p>Ismail Kadare \u00ebsht\u00eb dekoruar gjithashtu nga institucioni i Presidentit t\u00eb Republik\u00ebs s\u00eb Shqip\u00ebris\u00eb me Urdhrin \u201cNderi i Kombit\u201d dhe nga shteti francez me urdhrat \u201cKryqi i Legjionit t\u00eb Nderit\u201d e \u201cOficer i Legjionit t\u00eb Nderit\u201d.<\/p>\n<p>Po ashtu ai \u00ebsht\u00eb shpallur fitues i \u00e7mimit \u2018Nonino 2018\u2019. \u2018Nonino 2018\u2019 \u00ebsht\u00eb\u00a0nj\u00eb \u00e7mim i destinuar p\u00ebr figura t\u00eb m\u00ebdha t\u00eb kultur\u00ebs bot\u00ebrore nga nj\u00eb juri e autorizuar nga Nobel.<\/p>\n<p>Kadare konsiderohet si nj\u00eb nga shkrimtar\u00ebt dhe intelektual\u00ebt m\u00eb t\u00eb shquar evropian\u00eb t\u00eb shekullit t\u00eb 20-t\u00eb, si dhe nj\u00eb z\u00eb universal kund\u00ebr totalitarizmit, i cili n\u00eb veprat e tij n\u00eb m\u00ebnyr\u00eb t\u00eb q\u00ebllimshme u shmang nga realizmi socialist.<\/p>\n","protected":false},"excerpt":{"rendered":"<p>Sot feston dit\u00eblindjen e 87-t\u00eb shkrimtari gjirokastrit Ismail Kadare, nj\u00eb nga shkrimtar\u00ebt m\u00eb t\u00eb m\u00ebdhenj t\u00eb let\u00ebrsis\u00eb bashk\u00ebkohore shqipe.\u00a0 Ismail Kadare \u00ebsht\u00eb autor i shum\u00eb veprave n\u00eb poezi e proz\u00eb, fitues i shum\u00eb \u00e7mimeve komb\u00ebtare e nd\u00ebrkomb\u00ebtare, kandidat i \u00e7mimit Nobel p\u00ebr shum\u00eb vite me radh\u00eb, an\u00ebtar i Akademis\u00eb s\u00eb Shkencave t\u00eb Shqip\u00ebris\u00eb dhe an\u00ebtar [&hellip;]<\/p>\n","protected":false},"author":5,"featured_media":53310,"comment_status":"open","ping_status":"open","sticky":false,"template":"","format":"standard","meta":{"footnotes":""},"categories":[7665,6332],"tags":[21662],"class_list":{"0":"post-55552","1":"post","2":"type-post","3":"status-publish","4":"format-standard","5":"has-post-thumbnail","7":"category-art","8":"category-te-fundit","9":"tag-gjirokastriti-kadare-sot-feston-ditelindjen-e-87-te"},"_links":{"self":[{"href":"https:\/\/jugulajm.net\/index.php?rest_route=\/wp\/v2\/posts\/55552","targetHints":{"allow":["GET"]}}],"collection":[{"href":"https:\/\/jugulajm.net\/index.php?rest_route=\/wp\/v2\/posts"}],"about":[{"href":"https:\/\/jugulajm.net\/index.php?rest_route=\/wp\/v2\/types\/post"}],"author":[{"embeddable":true,"href":"https:\/\/jugulajm.net\/index.php?rest_route=\/wp\/v2\/users\/5"}],"replies":[{"embeddable":true,"href":"https:\/\/jugulajm.net\/index.php?rest_route=%2Fwp%2Fv2%2Fcomments&post=55552"}],"version-history":[{"count":0,"href":"https:\/\/jugulajm.net\/index.php?rest_route=\/wp\/v2\/posts\/55552\/revisions"}],"wp:featuredmedia":[{"embeddable":true,"href":"https:\/\/jugulajm.net\/index.php?rest_route=\/wp\/v2\/media\/53310"}],"wp:attachment":[{"href":"https:\/\/jugulajm.net\/index.php?rest_route=%2Fwp%2Fv2%2Fmedia&parent=55552"}],"wp:term":[{"taxonomy":"category","embeddable":true,"href":"https:\/\/jugulajm.net\/index.php?rest_route=%2Fwp%2Fv2%2Fcategories&post=55552"},{"taxonomy":"post_tag","embeddable":true,"href":"https:\/\/jugulajm.net\/index.php?rest_route=%2Fwp%2Fv2%2Ftags&post=55552"}],"curies":[{"name":"wp","href":"https:\/\/api.w.org\/{rel}","templated":true}]}}