{"id":55545,"date":"2023-01-27T21:26:40","date_gmt":"2023-01-27T20:26:40","guid":{"rendered":"https:\/\/jugulajm.net\/?p=55545"},"modified":"2023-01-27T21:27:15","modified_gmt":"2023-01-27T20:27:15","slug":"skandal-114-vjecaren-e-bejne-te-vdekur-per-ti-hequr-pensionin","status":"publish","type":"post","link":"https:\/\/jugulajm.net\/?p=55545","title":{"rendered":"SKANDAL\/ 114-vje\u00e7aren e b\u00ebjn\u00eb &#8220;t\u00eb vdekur&#8221; p\u00ebr t&#8217;i hequr pensionin"},"content":{"rendered":"<p>Qamile Marra \u00ebsht\u00eb 114 vje\u00e7e.<\/p>\n<p>Duhet t\u00eb ishte n\u00eb v\u00ebmendje p\u00ebr sekretin e jetagj\u00ebsis\u00eb dhe n\u00eb gar\u00eb p\u00ebr rekord Guinness\u00a0, por u b\u00eb protagoniste e k\u00ebsaj kronike pasi i ndaluan pensionin.<\/p>\n<p>Gruaja q\u00eb banon n\u00eb fshatin Ferras t\u00eb Bashkis\u00eb Ku\u00e7ov\u00eb tregon se autoritetet e b\u00ebn\u00eb p\u00ebr t\u00eb vdekur n\u00eb nj\u00eb koh\u00eb kur g\u00ebzon sh\u00ebndet t\u00eb mir\u00eb.<\/p>\n<p>Nusja e 114 vje\u00e7ares tregon si nisi historia n\u00eb kufijt\u00eb e absurdit.<\/p>\n<p><em>Pse gjall\u00eb qenka kjo?! Po ne nuk e kemi \u00e7regjistruar n\u00eb gjendjen civile q\u00eb mos t\u00eb ishte gjall\u00eb ajo, \u00ebsht\u00eb gjall\u00eb.&#8221;<\/em><\/p>\n<p><em>&#8220;Si do t\u00eb deklaroj un\u00eb se n\u00ebna ime ka vdekur!&#8221; thot\u00eb i biri.<\/em><\/p>\n<p>Pas publimit t\u00eb rastit, Instituti i Sigurimeve Shoq\u00ebrore reagoi duke i d\u00ebrguar 114- vje\u00e7ares Qamile Mara pensionin n\u00eb sht\u00ebpi.<\/p>\n","protected":false},"excerpt":{"rendered":"<p>Qamile Marra \u00ebsht\u00eb 114 vje\u00e7e. Duhet t\u00eb ishte n\u00eb v\u00ebmendje p\u00ebr sekretin e jetagj\u00ebsis\u00eb dhe n\u00eb gar\u00eb p\u00ebr rekord Guinness\u00a0, por u b\u00eb protagoniste e k\u00ebsaj kronike pasi i ndaluan pensionin. Gruaja q\u00eb banon n\u00eb fshatin Ferras t\u00eb Bashkis\u00eb Ku\u00e7ov\u00eb tregon se autoritetet e b\u00ebn\u00eb p\u00ebr t\u00eb vdekur n\u00eb nj\u00eb koh\u00eb kur g\u00ebzon sh\u00ebndet t\u00eb [&hellip;]<\/p>\n","protected":false},"author":5,"featured_media":55546,"comment_status":"open","ping_status":"open","sticky":false,"template":"","format":"standard","meta":{"footnotes":""},"categories":[1,6332],"tags":[21660],"class_list":{"0":"post-55545","1":"post","2":"type-post","3":"status-publish","4":"format-standard","5":"has-post-thumbnail","7":"category-aktualitet","8":"category-te-fundit","9":"tag-skandal-114-vjecaren-e-bejne-te-vdekur-per-ti-hequr-pensionin"},"_links":{"self":[{"href":"https:\/\/jugulajm.net\/index.php?rest_route=\/wp\/v2\/posts\/55545","targetHints":{"allow":["GET"]}}],"collection":[{"href":"https:\/\/jugulajm.net\/index.php?rest_route=\/wp\/v2\/posts"}],"about":[{"href":"https:\/\/jugulajm.net\/index.php?rest_route=\/wp\/v2\/types\/post"}],"author":[{"embeddable":true,"href":"https:\/\/jugulajm.net\/index.php?rest_route=\/wp\/v2\/users\/5"}],"replies":[{"embeddable":true,"href":"https:\/\/jugulajm.net\/index.php?rest_route=%2Fwp%2Fv2%2Fcomments&post=55545"}],"version-history":[{"count":0,"href":"https:\/\/jugulajm.net\/index.php?rest_route=\/wp\/v2\/posts\/55545\/revisions"}],"wp:featuredmedia":[{"embeddable":true,"href":"https:\/\/jugulajm.net\/index.php?rest_route=\/wp\/v2\/media\/55546"}],"wp:attachment":[{"href":"https:\/\/jugulajm.net\/index.php?rest_route=%2Fwp%2Fv2%2Fmedia&parent=55545"}],"wp:term":[{"taxonomy":"category","embeddable":true,"href":"https:\/\/jugulajm.net\/index.php?rest_route=%2Fwp%2Fv2%2Fcategories&post=55545"},{"taxonomy":"post_tag","embeddable":true,"href":"https:\/\/jugulajm.net\/index.php?rest_route=%2Fwp%2Fv2%2Ftags&post=55545"}],"curies":[{"name":"wp","href":"https:\/\/api.w.org\/{rel}","templated":true}]}}