{"id":55512,"date":"2023-01-27T10:47:32","date_gmt":"2023-01-27T09:47:32","guid":{"rendered":"https:\/\/jugulajm.net\/?p=55512"},"modified":"2023-01-27T10:47:32","modified_gmt":"2023-01-27T09:47:32","slug":"shehu-per-alibeajn-rama-shfrytezon-problemet-qe-ai-ka-me-shendetin-mendor-per-ta-perdorur-si-leter-higjienike","status":"publish","type":"post","link":"https:\/\/jugulajm.net\/?p=55512","title":{"rendered":"Shehu p\u00ebr Alibeajn: Rama shfryt\u00ebzon problemet q\u00eb ai ka me sh\u00ebndetin mendor, p\u00ebr ta p\u00ebrdorur si let\u00ebr higjienike"},"content":{"rendered":"<p>Deputeti i PD per Qarkun Gjirokaster, Tritan Shehu, n\u00eb nj\u00eb intervist\u00eb p\u00ebr tv Ora News, shprehet se ndaj opozit\u00ebs nd\u00ebrmerren veprime arbitrare.<\/p>\n<p>Kjo sipas Shehut b\u00ebhet &#8220;<em>Duke p\u00ebrdorur dhe disa q\u00eb mund t\u00eb jen\u00eb dhe brenda opozit\u00ebs dhe q\u00eb jan\u00eb sh\u00ebrb\u00ebtor\u00ebt e Ram\u00ebs atje si\u00e7 \u00ebsht\u00eb Alibeaj&#8221;.<\/em><\/p>\n<p>Madje deputeti demokrat u shpreh se\u00a0<em>&#8220;Me deliret e veta Rama shfryt\u00ebzon problemet e m\u00ebdha q\u00eb ka ai me sh\u00ebndetin mendor p\u00ebr ta p\u00ebrdorur at\u00eb si let\u00ebr higjienike&#8221;.<\/em><\/p>\n<p><strong>Tritan Shehu:<\/strong>\u00a0<em>N\u00eb parlament opozit\u00ebs i pritet fjala, opozita nuk lejohet t\u00eb flas\u00eb. Ndaj opozit\u00ebs nd\u00ebrmerren vendime arbitrare. Duke p\u00ebrdorur dhe disa q\u00eb mund t\u00eb jen\u00eb dhe brenda opozit\u00ebs dhe q\u00eb jan\u00eb sh\u00ebrb\u00ebtor\u00ebt e Ram\u00ebs atje si\u00e7 \u00ebsht\u00eb Alibeaj. \u00a0Sot ishte si z\u00ebdh\u00ebnes i Ram\u00ebs si i d\u00ebrguari i Ram\u00ebs. Ai ishte sot vet\u00ebm nj\u00eb let\u00ebr higjenike e Ram\u00ebs dhe asgj\u00eb tjet\u00ebr. Ai ishte i pari q\u00eb k\u00ebrkoi p\u00ebrjashtimin e deputet\u00ebve nga PD-ja. Me deliret e veta Rama shfryt\u00ebzon problemet e m\u00ebdha q\u00eb ka ai me sh\u00ebndetin mendor p\u00ebr ta p\u00ebrdorur at\u00eb si let\u00ebr higjienike. Sot u vun\u00eb bashk\u00eb t\u00eb gjith\u00eb instrumentat p\u00ebr t\u00eb goditur parlamentarizmin, p\u00ebr t\u00eb mos lejuar debatin q\u00eb ne k\u00ebrkuam, q\u00eb kishim b\u00ebr\u00eb k\u00ebrkes\u00ebn. Jemi n\u00eb nj\u00eb moment tragjik p\u00ebr parlamentarizmin dhe demokracin\u00eb shqiptare po k\u00ebrkohet t\u00eb goditet parlamentarizmi, opozita n\u00eb shum\u00eb drejtime. E vetmja rrug\u00eb \u00ebsht\u00eb l\u00ebvizja.<\/em><\/p>\n<p>A e keni popullin q\u00eb t\u00eb krijoni l\u00ebvizjen?<\/p>\n<p><strong>Tritan Shehu:<\/strong>\u00a0<em>Nj\u00eb nga detyrat e opozit\u00ebs \u00ebsht\u00eb t\u00eb sensibilizoj\u00eb popullin, t\u00eb jet\u00eb aktiv n\u00eb p\u00ebrballje me regjimin. Ne jemi duke e b\u00ebr\u00eb k\u00ebt\u00eb pun\u00eb. Lufta parlamentare e tregon k\u00ebt\u00eb gj\u00eb. Jemi n\u00eb momentn e shp\u00ebrthimeve t\u00eb m\u00ebdha popullore n\u00eb Shqip\u00ebri.<\/em><\/p>\n","protected":false},"excerpt":{"rendered":"<p>Deputeti i PD per Qarkun Gjirokaster, Tritan Shehu, n\u00eb nj\u00eb intervist\u00eb p\u00ebr tv Ora News, shprehet se ndaj opozit\u00ebs nd\u00ebrmerren veprime arbitrare. Kjo sipas Shehut b\u00ebhet &#8220;Duke p\u00ebrdorur dhe disa q\u00eb mund t\u00eb jen\u00eb dhe brenda opozit\u00ebs dhe q\u00eb jan\u00eb sh\u00ebrb\u00ebtor\u00ebt e Ram\u00ebs atje si\u00e7 \u00ebsht\u00eb Alibeaj&#8221;. Madje deputeti demokrat u shpreh se\u00a0&#8220;Me deliret e [&hellip;]<\/p>\n","protected":false},"author":5,"featured_media":55513,"comment_status":"open","ping_status":"open","sticky":false,"template":"","format":"standard","meta":{"footnotes":""},"categories":[6326,6332],"tags":[21646,21645,20369],"class_list":{"0":"post-55512","1":"post","2":"type-post","3":"status-publish","4":"format-standard","5":"has-post-thumbnail","7":"category-politike","8":"category-te-fundit","9":"tag-per-ta-perdorur-si-leter-higjienike","10":"tag-shehu-per-alibeajn-rama-shfrytezon-problemet-qe-ai-ka-me-shendetin-mendor","11":"tag-tritan-shehu"},"_links":{"self":[{"href":"https:\/\/jugulajm.net\/index.php?rest_route=\/wp\/v2\/posts\/55512","targetHints":{"allow":["GET"]}}],"collection":[{"href":"https:\/\/jugulajm.net\/index.php?rest_route=\/wp\/v2\/posts"}],"about":[{"href":"https:\/\/jugulajm.net\/index.php?rest_route=\/wp\/v2\/types\/post"}],"author":[{"embeddable":true,"href":"https:\/\/jugulajm.net\/index.php?rest_route=\/wp\/v2\/users\/5"}],"replies":[{"embeddable":true,"href":"https:\/\/jugulajm.net\/index.php?rest_route=%2Fwp%2Fv2%2Fcomments&post=55512"}],"version-history":[{"count":0,"href":"https:\/\/jugulajm.net\/index.php?rest_route=\/wp\/v2\/posts\/55512\/revisions"}],"wp:featuredmedia":[{"embeddable":true,"href":"https:\/\/jugulajm.net\/index.php?rest_route=\/wp\/v2\/media\/55513"}],"wp:attachment":[{"href":"https:\/\/jugulajm.net\/index.php?rest_route=%2Fwp%2Fv2%2Fmedia&parent=55512"}],"wp:term":[{"taxonomy":"category","embeddable":true,"href":"https:\/\/jugulajm.net\/index.php?rest_route=%2Fwp%2Fv2%2Fcategories&post=55512"},{"taxonomy":"post_tag","embeddable":true,"href":"https:\/\/jugulajm.net\/index.php?rest_route=%2Fwp%2Fv2%2Ftags&post=55512"}],"curies":[{"name":"wp","href":"https:\/\/api.w.org\/{rel}","templated":true}]}}