{"id":55500,"date":"2023-01-26T20:33:45","date_gmt":"2023-01-26T19:33:45","guid":{"rendered":"https:\/\/jugulajm.net\/?p=55500"},"modified":"2023-01-26T20:33:45","modified_gmt":"2023-01-26T19:33:45","slug":"humbi-jeten-nga-semundja-mjeku-kalo-la-amanet-te-varrosej-ne-luzat-te-tepelenes","status":"publish","type":"post","link":"https:\/\/jugulajm.net\/?p=55500","title":{"rendered":"Humbi jet\u00ebn nga s\u00ebmundja, mjeku Kalo la amanet t\u00eb varrosej n\u00eb Luzat t\u00eb Tepelen\u00ebs"},"content":{"rendered":"<p>Trupi i mjekut t\u00eb njohur Isuf Kalo ka mb\u00ebrritur k\u00ebt\u00eb t\u00eb enjte n\u00eb Tiran\u00eb, Shqip\u00ebri. I njohur dhe si mjeku i diktatorit Enver Hoxha, Kalo nd\u00ebrroi jet\u00eb n\u00eb disa dit\u00eb m\u00eb par\u00eb n\u00eb Kopenhagen t\u00eb Danr t\u00eb nderuar emrin dhe kontributin e tij shkencor, n\u00eb Akademin\u00eb e Shkencave do t\u00eb b\u00ebhen homazhe dit\u00ebn e Premte nga ora 10.00 deri 13.00. Fjala e p\u00ebrcjelljes do t\u00eb mbahet nga an\u00ebtari i Akademis\u00eb Prof. Anesti Kondili n\u00eb or\u00ebn 11.00.<\/p>\n<p>Mesdit\u00ebn e s\u00eb shtun\u00ebs, mjeku Isuf Kalo do t\u00eb prehet n\u00eb Luzat t\u00eb Tepelen\u00ebs, vendlindja e tij.<\/p>\n<p>Profesori dhe autori i disa librave mjek\u00ebsor e jo vet\u00ebm, ka mbyllur syt\u00eb p\u00ebrgjithmon\u00eb n\u00eb mosh\u00ebn 80 vje\u00e7are, pasi vuante nga nj\u00eb s\u00ebmundje e r\u00ebnd\u00eb. Isuf Kalo po q\u00ebndronte prej disa muajsh n\u00eb nj\u00eb spital jasht\u00eb Shqip\u00ebris\u00eb, n\u00eb gjendje jo t\u00eb mir\u00eb sh\u00ebndet\u00ebsore, derisa nd\u00ebrroi jet\u00eb pasditen e 19 janarit.<\/p>\n<p>Kalo g\u00ebzonte respektin e t\u00eb gjith\u00eb koleg\u00ebve, gjithashtu edhe at\u00eb t\u00eb student\u00ebve t\u00eb tij n\u00eb \u201cUniversitetin e Mjek\u00ebsis\u00eb\u201d ku prej vitesh jepte m\u00ebsim. Ai do t\u00eb prehet n\u00eb varrezat e fshatit Luzat, ashtu si\u00e7 kishte l\u00ebn\u00eb amanet para se t\u00eb mbyllte syt\u00eb.<\/p>\n","protected":false},"excerpt":{"rendered":"<p>Trupi i mjekut t\u00eb njohur Isuf Kalo ka mb\u00ebrritur k\u00ebt\u00eb t\u00eb enjte n\u00eb Tiran\u00eb, Shqip\u00ebri. I njohur dhe si mjeku i diktatorit Enver Hoxha, Kalo nd\u00ebrroi jet\u00eb n\u00eb disa dit\u00eb m\u00eb par\u00eb n\u00eb Kopenhagen t\u00eb Danr t\u00eb nderuar emrin dhe kontributin e tij shkencor, n\u00eb Akademin\u00eb e Shkencave do t\u00eb b\u00ebhen homazhe dit\u00ebn e Premte [&hellip;]<\/p>\n","protected":false},"author":5,"featured_media":55501,"comment_status":"open","ping_status":"open","sticky":false,"template":"","format":"standard","meta":{"footnotes":""},"categories":[1,6332],"tags":[21638,21639],"class_list":{"0":"post-55500","1":"post","2":"type-post","3":"status-publish","4":"format-standard","5":"has-post-thumbnail","7":"category-aktualitet","8":"category-te-fundit","9":"tag-humbi-jeten-nga-semundja","10":"tag-mjeku-kalo-la-amanet-te-varrosej-ne-luzat-te-tepelenes"},"_links":{"self":[{"href":"https:\/\/jugulajm.net\/index.php?rest_route=\/wp\/v2\/posts\/55500","targetHints":{"allow":["GET"]}}],"collection":[{"href":"https:\/\/jugulajm.net\/index.php?rest_route=\/wp\/v2\/posts"}],"about":[{"href":"https:\/\/jugulajm.net\/index.php?rest_route=\/wp\/v2\/types\/post"}],"author":[{"embeddable":true,"href":"https:\/\/jugulajm.net\/index.php?rest_route=\/wp\/v2\/users\/5"}],"replies":[{"embeddable":true,"href":"https:\/\/jugulajm.net\/index.php?rest_route=%2Fwp%2Fv2%2Fcomments&post=55500"}],"version-history":[{"count":0,"href":"https:\/\/jugulajm.net\/index.php?rest_route=\/wp\/v2\/posts\/55500\/revisions"}],"wp:featuredmedia":[{"embeddable":true,"href":"https:\/\/jugulajm.net\/index.php?rest_route=\/wp\/v2\/media\/55501"}],"wp:attachment":[{"href":"https:\/\/jugulajm.net\/index.php?rest_route=%2Fwp%2Fv2%2Fmedia&parent=55500"}],"wp:term":[{"taxonomy":"category","embeddable":true,"href":"https:\/\/jugulajm.net\/index.php?rest_route=%2Fwp%2Fv2%2Fcategories&post=55500"},{"taxonomy":"post_tag","embeddable":true,"href":"https:\/\/jugulajm.net\/index.php?rest_route=%2Fwp%2Fv2%2Ftags&post=55500"}],"curies":[{"name":"wp","href":"https:\/\/api.w.org\/{rel}","templated":true}]}}