{"id":55478,"date":"2023-01-26T10:04:18","date_gmt":"2023-01-26T09:04:18","guid":{"rendered":"https:\/\/jugulajm.net\/?p=55478"},"modified":"2023-01-26T10:04:18","modified_gmt":"2023-01-26T09:04:18","slug":"greqi-prangosen-dy-adoleshente-shqiptare-benin-kerdine-ne-dyqanet-e-attica-s","status":"publish","type":"post","link":"https:\/\/jugulajm.net\/?p=55478","title":{"rendered":"Greqi\/ Prangosen dy adoleshent\u00eb shqiptar\u00eb, b\u00ebnin k\u00ebrdin\u00eb n\u00eb dyqanet e Attica-s"},"content":{"rendered":"<p>Policia helene njoftoi t\u00eb m\u00ebrkur\u00ebn se ka shkat\u00ebrruar nj\u00eb band\u00eb t\u00eb miturish, t\u00eb cil\u00ebt akuzohen se kan\u00eb vjedhur n\u00eb m\u00ebnyr\u00eb sistematike dyqanet n\u00eb zonat e Attica-s.<\/p>\n<p>N\u00eb pranga kan\u00eb r\u00ebn\u00eb dy shqiptar\u00eb, 15 e 17 vje\u00e7 dhe nj\u00eb 16-vje\u00e7ar grek. Edhe pse t\u00eb mitur, mediat shkruajn\u00eb se ky grup ka vjedhur t\u00eb pakt\u00ebn 26 dyqane.<\/p>\n<p>T\u00eb rinjt\u00eb futeshin n\u00eb dyqan dhe n\u00eb munges\u00eb t\u00eb punonj\u00ebsve kan\u00eb marr\u00eb shuma para, pajisje elektrike, gj\u00ebra personale dhe karta bankare.<\/p>\n<p>Policia p\u00ebrllogarit se t\u00eb miturit kan\u00eb p\u00ebrfituar n\u00eb m\u00ebnyr\u00eb kriminale rreth 40 mij\u00eb Euro.<\/p>\n","protected":false},"excerpt":{"rendered":"<p>Policia helene njoftoi t\u00eb m\u00ebrkur\u00ebn se ka shkat\u00ebrruar nj\u00eb band\u00eb t\u00eb miturish, t\u00eb cil\u00ebt akuzohen se kan\u00eb vjedhur n\u00eb m\u00ebnyr\u00eb sistematike dyqanet n\u00eb zonat e Attica-s. N\u00eb pranga kan\u00eb r\u00ebn\u00eb dy shqiptar\u00eb, 15 e 17 vje\u00e7 dhe nj\u00eb 16-vje\u00e7ar grek. Edhe pse t\u00eb mitur, mediat shkruajn\u00eb se ky grup ka vjedhur t\u00eb pakt\u00ebn 26 dyqane. [&hellip;]<\/p>\n","protected":false},"author":5,"featured_media":50166,"comment_status":"open","ping_status":"open","sticky":false,"template":"","format":"standard","meta":{"footnotes":""},"categories":[1,6332],"tags":[21627,21626],"class_list":{"0":"post-55478","1":"post","2":"type-post","3":"status-publish","4":"format-standard","5":"has-post-thumbnail","7":"category-aktualitet","8":"category-te-fundit","9":"tag-benin-kerdine-ne-dyqanet-e-attica-s","10":"tag-greqi-prangosen-dy-adoleshente-shqiptare"},"_links":{"self":[{"href":"https:\/\/jugulajm.net\/index.php?rest_route=\/wp\/v2\/posts\/55478","targetHints":{"allow":["GET"]}}],"collection":[{"href":"https:\/\/jugulajm.net\/index.php?rest_route=\/wp\/v2\/posts"}],"about":[{"href":"https:\/\/jugulajm.net\/index.php?rest_route=\/wp\/v2\/types\/post"}],"author":[{"embeddable":true,"href":"https:\/\/jugulajm.net\/index.php?rest_route=\/wp\/v2\/users\/5"}],"replies":[{"embeddable":true,"href":"https:\/\/jugulajm.net\/index.php?rest_route=%2Fwp%2Fv2%2Fcomments&post=55478"}],"version-history":[{"count":0,"href":"https:\/\/jugulajm.net\/index.php?rest_route=\/wp\/v2\/posts\/55478\/revisions"}],"wp:featuredmedia":[{"embeddable":true,"href":"https:\/\/jugulajm.net\/index.php?rest_route=\/wp\/v2\/media\/50166"}],"wp:attachment":[{"href":"https:\/\/jugulajm.net\/index.php?rest_route=%2Fwp%2Fv2%2Fmedia&parent=55478"}],"wp:term":[{"taxonomy":"category","embeddable":true,"href":"https:\/\/jugulajm.net\/index.php?rest_route=%2Fwp%2Fv2%2Fcategories&post=55478"},{"taxonomy":"post_tag","embeddable":true,"href":"https:\/\/jugulajm.net\/index.php?rest_route=%2Fwp%2Fv2%2Ftags&post=55478"}],"curies":[{"name":"wp","href":"https:\/\/api.w.org\/{rel}","templated":true}]}}