{"id":55447,"date":"2023-01-25T09:32:44","date_gmt":"2023-01-25T08:32:44","guid":{"rendered":"https:\/\/jugulajm.net\/?p=55447"},"modified":"2023-01-25T09:32:44","modified_gmt":"2023-01-25T08:32:44","slug":"moti-sot-i-kthjellet-por-i-ftohte","status":"publish","type":"post","link":"https:\/\/jugulajm.net\/?p=55447","title":{"rendered":"Moti sot\/ I kthjell\u00ebt por i ftoht\u00eb"},"content":{"rendered":"<p>Masat e ftohta me origjin\u00eb verilindore do t\u00eb kusht\u00ebzojn\u00eb n\u00eb vendin ton\u00eb, mot t\u00eb kthjell\u00ebt por t\u00eb ftoht\u00eb, situat\u00eb e cila do t\u00eb jet\u00eb prezent, gjate or\u00ebve t\u00eb paradites dhe mesdit\u00ebs n\u00eb t\u00eb gjith\u00eb territorin nd\u00ebrsa pjesa e dyt\u00eb e dit\u00ebs do t\u00eb sjell\u00eb vran\u00ebsira si fillim n\u00eb zonat malore dhe gradualisht vran\u00ebsirat do t\u00eb p\u00ebrfshijn\u00eb t\u00eb gjith\u00eb vendin duke gjeneruar reshje t\u00eb pakta.<\/p>\n<p>M\u00eb t\u00eb dukshme reshjet do t\u00eb jen\u00eb n\u00eb zonat jugore dhe juglindore t\u00eb Shqip\u00ebris\u00eb.<\/p>\n<p>Sipas MeteoAlb, temperaturat e ajrit do te ulen n\u00eb m\u00ebngjes, por mesdita sjelle nj\u00eb rritje t\u00eb leht\u00eb t\u00eb tyre duke rregjistruar vleren minimale n\u00eb qytetin e Peshkopis\u00eb -6\u00b0C, nd\u00ebrsa vlera maksimale do t\u00eb sh\u00ebnohet n\u00eb qytetin e Sarand\u00ebs 15\u00b0C.<\/p>\n<p>Era do fryj\u00eb e leht\u00eb dhe mesatare me shpejt\u00ebsi 35 km\/h nga drejtimi Verilindor duke krijuar n\u00eb brigjet e Adriatikut dhe Jonit dallg\u00ebzimi 2 balle.<\/p>\n","protected":false},"excerpt":{"rendered":"<p>Masat e ftohta me origjin\u00eb verilindore do t\u00eb kusht\u00ebzojn\u00eb n\u00eb vendin ton\u00eb, mot t\u00eb kthjell\u00ebt por t\u00eb ftoht\u00eb, situat\u00eb e cila do t\u00eb jet\u00eb prezent, gjate or\u00ebve t\u00eb paradites dhe mesdit\u00ebs n\u00eb t\u00eb gjith\u00eb territorin nd\u00ebrsa pjesa e dyt\u00eb e dit\u00ebs do t\u00eb sjell\u00eb vran\u00ebsira si fillim n\u00eb zonat malore dhe gradualisht vran\u00ebsirat do t\u00eb [&hellip;]<\/p>\n","protected":false},"author":5,"featured_media":47842,"comment_status":"open","ping_status":"open","sticky":false,"template":"","format":"standard","meta":{"footnotes":""},"categories":[7650,6332],"tags":[21616],"class_list":{"0":"post-55447","1":"post","2":"type-post","3":"status-publish","4":"format-standard","5":"has-post-thumbnail","7":"category-moti","8":"category-te-fundit","9":"tag-moti-sot-i-kthjellet-por-i-ftohte"},"_links":{"self":[{"href":"https:\/\/jugulajm.net\/index.php?rest_route=\/wp\/v2\/posts\/55447","targetHints":{"allow":["GET"]}}],"collection":[{"href":"https:\/\/jugulajm.net\/index.php?rest_route=\/wp\/v2\/posts"}],"about":[{"href":"https:\/\/jugulajm.net\/index.php?rest_route=\/wp\/v2\/types\/post"}],"author":[{"embeddable":true,"href":"https:\/\/jugulajm.net\/index.php?rest_route=\/wp\/v2\/users\/5"}],"replies":[{"embeddable":true,"href":"https:\/\/jugulajm.net\/index.php?rest_route=%2Fwp%2Fv2%2Fcomments&post=55447"}],"version-history":[{"count":0,"href":"https:\/\/jugulajm.net\/index.php?rest_route=\/wp\/v2\/posts\/55447\/revisions"}],"wp:featuredmedia":[{"embeddable":true,"href":"https:\/\/jugulajm.net\/index.php?rest_route=\/wp\/v2\/media\/47842"}],"wp:attachment":[{"href":"https:\/\/jugulajm.net\/index.php?rest_route=%2Fwp%2Fv2%2Fmedia&parent=55447"}],"wp:term":[{"taxonomy":"category","embeddable":true,"href":"https:\/\/jugulajm.net\/index.php?rest_route=%2Fwp%2Fv2%2Fcategories&post=55447"},{"taxonomy":"post_tag","embeddable":true,"href":"https:\/\/jugulajm.net\/index.php?rest_route=%2Fwp%2Fv2%2Ftags&post=55447"}],"curies":[{"name":"wp","href":"https:\/\/api.w.org\/{rel}","templated":true}]}}