{"id":55438,"date":"2023-01-24T20:23:20","date_gmt":"2023-01-24T19:23:20","guid":{"rendered":"https:\/\/jugulajm.net\/?p=55438"},"modified":"2023-01-24T20:24:46","modified_gmt":"2023-01-24T19:24:46","slug":"video-fevziu-te-ishte-koha-e-enverit-do-isha-mesues-letersie-ne-puke","status":"publish","type":"post","link":"https:\/\/jugulajm.net\/?p=55438","title":{"rendered":"VIDEO\/ Fevziu: T\u00eb ishte koha e Enverit do isha m\u00ebsues let\u00ebrsie n\u00eb Puk\u00eb"},"content":{"rendered":"<p>Nj\u00eb nga gazetar\u00ebt m\u00eb t\u00eb mir\u00eb me nj\u00eb karrier\u00eb t\u00eb gjat\u00eb dhe t\u00eb suksesshme n\u00eb k\u00ebt\u00eb profesion sa duket se \u00ebsht\u00eb rruga e vetme e p\u00ebrcaktuar p\u00ebr Blendi Fevziun. Megjithat\u00eb, koha kur ai ndoqi \u00ebndrr\u00ebn\u00a0 ishte me r\u00ebnien e sistemit komunist, t\u00eb cilin e ka p\u00ebrshkruar m\u00eb s\u00eb miri n\u00eb librin e tij, \u201cEnver Hoxha\u201d. N\u00eb nj\u00eb rr\u00ebfim p\u00ebr \u201cRudina\u201d n\u00eb Tv Klan, ku ndalet edhe n\u00eb v\u00ebshtir\u00ebsit\u00eb e kufizimet e k\u00ebtij sistemi,\u00a0Fevziu p\u00ebrpiqet ta imagjinoj\u00eb veten edhe n\u00eb nj\u00eb profesion tjet\u00ebr, t\u00eb p\u00ebrcaktuar nga regjimi, i cili do t\u00eb ishte larg suksesit q\u00eb njohim sot.<\/p>\n<p><iframe loading=\"lazy\" class=\"entered litespeed-loaded\" title=\"YouTube video player\" src=\"https:\/\/www.youtube.com\/embed\/gD4hQFxA7QM\" width=\"560\" height=\"315\" frameborder=\"0\" allowfullscreen=\"allowfullscreen\" data-lazyloaded=\"1\" data-src=\"https:\/\/www.youtube.com\/embed\/gD4hQFxA7QM\" data-ll-status=\"loaded\" data-mce-fragment=\"1\"><\/iframe><\/p>\n<p>&nbsp;<\/p>\n<div><\/div>\n<p><strong>Blendi Fevziu:\u00a0<\/strong><em>N\u00eb at\u00eb sistem nuk vendosje ti, t\u00eb vendosnin ata. Un\u00eb kisha pasion let\u00ebrsin\u00eb, m\u00eb p\u00eblqente let\u00ebrsia.<\/em><\/p>\n<p><strong>Rudina Magjistari:\u00a0<\/strong><em>N\u00ebse sistemet nuk do kishin ndryshuar, \u00e7far\u00eb do b\u00ebje ti?<\/em><\/p>\n<p><strong>Blendi Fevziu:\u00a0<\/strong><em>Do isha m\u00ebsues let\u00ebrsie n\u00eb Iball\u00eb t\u00eb Puk\u00ebs, aty m\u00eb hodh\u00ebn dit\u00ebn e fundit.<\/em><\/p>\n<p><strong>Rudina Magjistari:\u00a0<\/strong><em>Po mir\u00eb, do ishe p\u00ebrpjekur me miq\u00ebsi, me njohje, me nj\u00eb gj\u00eb diku do kishe dal\u00eb.<\/em><\/p>\n<p><strong>Blendi Fevziu:\u00a0<\/strong><em>Po nuk e di tani me \u00e7far\u00eb, at\u00ebher\u00eb \u00e7far\u00eb duhet t\u00eb isha? Normalisht duhet t\u00eb isha m\u00ebsues let\u00ebrsie n\u00eb Iball\u00eb t\u00eb Puk\u00ebs, mund t\u00eb isha n\u00eb burg, nuk e di.<\/em><\/p>\n<p><strong>Rudina Magjistari:\u00a0<\/strong><em>Do synoje Tiran\u00ebn, s\u2019besoj q\u00eb do rrije atje.<\/em><\/p>\n<p><strong>Blendi Fevziu:\u00a0<\/strong><em>Kjo nuk varej nga un\u00eb, prap\u00eb kjo varej nga shteti.<\/em><\/p>\n<p><strong>Rudina Magjistari:\u00a0<\/strong><em>Do synoje nj\u00eb transferim n\u00eb Tiran\u00eb.<\/em><\/p>\n<p><strong>Blendi Fevziu:\u00a0<\/strong><em>Kjo nuk varej fare nga aft\u00ebsia personale, kishte gj\u00ebra q\u00eb ai sistem i kishte t\u00eb ndara.<\/em><\/p>\n","protected":false},"excerpt":{"rendered":"<p>Nj\u00eb nga gazetar\u00ebt m\u00eb t\u00eb mir\u00eb me nj\u00eb karrier\u00eb t\u00eb gjat\u00eb dhe t\u00eb suksesshme n\u00eb k\u00ebt\u00eb profesion sa duket se \u00ebsht\u00eb rruga e vetme e p\u00ebrcaktuar p\u00ebr Blendi Fevziun. Megjithat\u00eb, koha kur ai ndoqi \u00ebndrr\u00ebn\u00a0 ishte me r\u00ebnien e sistemit komunist, t\u00eb cilin e ka p\u00ebrshkruar m\u00eb s\u00eb miri n\u00eb librin e tij, \u201cEnver Hoxha\u201d. [&hellip;]<\/p>\n","protected":false},"author":5,"featured_media":55441,"comment_status":"open","ping_status":"open","sticky":false,"template":"","format":"standard","meta":{"footnotes":""},"categories":[1,6332],"tags":[21614],"class_list":{"0":"post-55438","1":"post","2":"type-post","3":"status-publish","4":"format-standard","5":"has-post-thumbnail","7":"category-aktualitet","8":"category-te-fundit","9":"tag-video-fevziu-te-ishte-koha-e-enverit-do-isha-mesues-letersie-ne-puke"},"_links":{"self":[{"href":"https:\/\/jugulajm.net\/index.php?rest_route=\/wp\/v2\/posts\/55438","targetHints":{"allow":["GET"]}}],"collection":[{"href":"https:\/\/jugulajm.net\/index.php?rest_route=\/wp\/v2\/posts"}],"about":[{"href":"https:\/\/jugulajm.net\/index.php?rest_route=\/wp\/v2\/types\/post"}],"author":[{"embeddable":true,"href":"https:\/\/jugulajm.net\/index.php?rest_route=\/wp\/v2\/users\/5"}],"replies":[{"embeddable":true,"href":"https:\/\/jugulajm.net\/index.php?rest_route=%2Fwp%2Fv2%2Fcomments&post=55438"}],"version-history":[{"count":0,"href":"https:\/\/jugulajm.net\/index.php?rest_route=\/wp\/v2\/posts\/55438\/revisions"}],"wp:featuredmedia":[{"embeddable":true,"href":"https:\/\/jugulajm.net\/index.php?rest_route=\/wp\/v2\/media\/55441"}],"wp:attachment":[{"href":"https:\/\/jugulajm.net\/index.php?rest_route=%2Fwp%2Fv2%2Fmedia&parent=55438"}],"wp:term":[{"taxonomy":"category","embeddable":true,"href":"https:\/\/jugulajm.net\/index.php?rest_route=%2Fwp%2Fv2%2Fcategories&post=55438"},{"taxonomy":"post_tag","embeddable":true,"href":"https:\/\/jugulajm.net\/index.php?rest_route=%2Fwp%2Fv2%2Ftags&post=55438"}],"curies":[{"name":"wp","href":"https:\/\/api.w.org\/{rel}","templated":true}]}}