{"id":55435,"date":"2023-01-24T17:34:14","date_gmt":"2023-01-24T16:34:14","guid":{"rendered":"https:\/\/jugulajm.net\/?p=55435"},"modified":"2023-01-24T17:34:14","modified_gmt":"2023-01-24T16:34:14","slug":"paralajmerimi-i-frikshem-i-gates-pandemia-e-radhes-shume-me-e-rende-sesa-covid-19","status":"publish","type":"post","link":"https:\/\/jugulajm.net\/?p=55435","title":{"rendered":"Paralajm\u00ebrimi i friksh\u00ebm i Gates: Pandemia e radh\u00ebs shum\u00eb m\u00eb e r\u00ebnd\u00eb sesa Covid-19"},"content":{"rendered":"<div class=\"block-wrapper\">\n<div class=\"block-wrapper-inner\">\n<p>Bill Gates ka paralajm\u00ebruar q\u00eb bota duhet t\u00eb jet\u00eb gati p\u00ebr pandemin\u00eb e radh\u00ebs, q\u00eb mund t\u00eb jet\u00eb shum\u00eb m\u00eb e r\u00ebnd\u00eb sesa Covid-19.<\/p>\n<\/div>\n<\/div>\n<div class=\"block-wrapper mktngab\">\n<div class=\"block-wrapper-inner\">\n<p>I pranish\u00ebm n\u00eb Institutin Lo\u00eby t\u00eb Sidneit, miliarderi theksoi se lider\u00ebt politik\u00eb duhet t\u00eb l\u00ebn\u00eb m\u00ebnjan\u00eb keqkuptimet dhe t\u00eb punojn\u00eb s\u00eb bashku p\u00ebr t\u2019u p\u00ebrgatitur p\u00ebr virusin e radh\u00ebs.<\/p>\n<p>Me pandemin\u00eb q\u00eb kaluam u treguam budallenj, nuk kishim pajisjet e duhura, ashtu si\u00e7 i kemi p\u00ebr zjarret apo t\u00ebrmetet\u201d, tha Gates.<\/p>\n<\/div>\n<\/div>\n","protected":false},"excerpt":{"rendered":"<p>Bill Gates ka paralajm\u00ebruar q\u00eb bota duhet t\u00eb jet\u00eb gati p\u00ebr pandemin\u00eb e radh\u00ebs, q\u00eb mund t\u00eb jet\u00eb shum\u00eb m\u00eb e r\u00ebnd\u00eb sesa Covid-19. I pranish\u00ebm n\u00eb Institutin Lo\u00eby t\u00eb Sidneit, miliarderi theksoi se lider\u00ebt politik\u00eb duhet t\u00eb l\u00ebn\u00eb m\u00ebnjan\u00eb keqkuptimet dhe t\u00eb punojn\u00eb s\u00eb bashku p\u00ebr t\u2019u p\u00ebrgatitur p\u00ebr virusin e radh\u00ebs. Me pandemin\u00eb [&hellip;]<\/p>\n","protected":false},"author":5,"featured_media":55436,"comment_status":"open","ping_status":"open","sticky":false,"template":"","format":"standard","meta":{"footnotes":""},"categories":[1,7664,6332],"tags":[21613],"class_list":{"0":"post-55435","1":"post","2":"type-post","3":"status-publish","4":"format-standard","5":"has-post-thumbnail","7":"category-aktualitet","8":"category-bota","9":"category-te-fundit","10":"tag-paralajmerimi-i-frikshem-i-gates-pandemia-e-radhes-shume-me-e-rende-sesa-covid-19"},"_links":{"self":[{"href":"https:\/\/jugulajm.net\/index.php?rest_route=\/wp\/v2\/posts\/55435","targetHints":{"allow":["GET"]}}],"collection":[{"href":"https:\/\/jugulajm.net\/index.php?rest_route=\/wp\/v2\/posts"}],"about":[{"href":"https:\/\/jugulajm.net\/index.php?rest_route=\/wp\/v2\/types\/post"}],"author":[{"embeddable":true,"href":"https:\/\/jugulajm.net\/index.php?rest_route=\/wp\/v2\/users\/5"}],"replies":[{"embeddable":true,"href":"https:\/\/jugulajm.net\/index.php?rest_route=%2Fwp%2Fv2%2Fcomments&post=55435"}],"version-history":[{"count":0,"href":"https:\/\/jugulajm.net\/index.php?rest_route=\/wp\/v2\/posts\/55435\/revisions"}],"wp:featuredmedia":[{"embeddable":true,"href":"https:\/\/jugulajm.net\/index.php?rest_route=\/wp\/v2\/media\/55436"}],"wp:attachment":[{"href":"https:\/\/jugulajm.net\/index.php?rest_route=%2Fwp%2Fv2%2Fmedia&parent=55435"}],"wp:term":[{"taxonomy":"category","embeddable":true,"href":"https:\/\/jugulajm.net\/index.php?rest_route=%2Fwp%2Fv2%2Fcategories&post=55435"},{"taxonomy":"post_tag","embeddable":true,"href":"https:\/\/jugulajm.net\/index.php?rest_route=%2Fwp%2Fv2%2Ftags&post=55435"}],"curies":[{"name":"wp","href":"https:\/\/api.w.org\/{rel}","templated":true}]}}