{"id":55426,"date":"2023-01-24T12:27:34","date_gmt":"2023-01-24T11:27:34","guid":{"rendered":"https:\/\/jugulajm.net\/?p=55426"},"modified":"2023-01-24T12:27:34","modified_gmt":"2023-01-24T11:27:34","slug":"sarande-plagosi-me-thike-ne-lokal-nje-shtetas-shpallet-ne-kerkim-38-vjecari","status":"publish","type":"post","link":"https:\/\/jugulajm.net\/?p=55426","title":{"rendered":"Sarand\u00eb\/ Plagosi me thik\u00eb n\u00eb lokal nj\u00eb shtetas, shpallet n\u00eb k\u00ebrkim 38-vje\u00e7ari"},"content":{"rendered":"<p>Nj\u00eb 43-vje\u00e7ar \u00ebsht\u00eb plagosur me thik\u00eb k\u00ebt\u00eb t\u00eb mart\u00eb n\u00eb Sarand\u00eb.<\/p>\n<p>Policia b\u00ebn me dije se ai \u00ebsht\u00eb q\u00eblluar nga nj\u00eb 38-vje\u00e7ar p\u00ebr motive t\u00eb dob\u00ebta.<\/p>\n<p>I plagosur \u00ebsht\u00eb d\u00ebrguar n\u00eb spital nd\u00ebrsa autori q\u00eb u largua menj\u00ebher\u00eb nga vendi i ngjarjes \u00ebsht\u00eb shpallur n\u00eb k\u00ebrkim nga Policia.<\/p>\n<p><strong>Njoftimi i policise:<\/strong><\/p>\n<p><strong>S<\/strong>arand\u00eb<\/p>\n<p>Plagosi me mjet prer\u00ebs (thik\u00eb) nj\u00eb shtetas, shpallet n\u00eb k\u00ebrkim 38-vje\u00e7ari.<\/p>\n<p>Vijon intesivisht puna p\u00ebr kapjen e tij.<\/p>\n<p>M\u00ebngjesit e sot\u00ebm, n\u00eb ambientet e nj\u00eb lokali n\u00eb Sarand\u00eb, dyshohet se shtetasi E. G., 38 vje\u00e7, p\u00ebr motive t\u00eb dob\u00ebta, ka goditur me mjet prer\u00ebs (thik\u00eb), shtetasin S. N., 43 vje\u00e7, i cili ndodhet n\u00eb spital, n\u00eb kujdesin e mjek\u00ebve.<\/p>\n<p>38-vje\u00e7ari i larguar menj\u00ebher\u00eb nga vendngjarja, \u00ebsht\u00eb shpallur n\u00eb k\u00ebrkim nga sh\u00ebrbimet e Policis\u00eb. Vijojn\u00eb kontrollet, me q\u00ebllim kapjen dhe nxjerrjen e tij, p\u00ebrpara p\u00ebrgjegj\u00ebsis\u00eb penale.<\/p>\n<p>Materialet procedurale i kaluan Prokuroris\u00eb pran\u00eb Gjykat\u00ebs s\u00eb Rrethit Gjyq\u00ebsor Sarand\u00eb, p\u00ebr veprime t\u00eb m\u00ebtejshme hetimore n\u00eb lidhje me k\u00ebt\u00eb rast.<\/p>\n","protected":false},"excerpt":{"rendered":"<p>Nj\u00eb 43-vje\u00e7ar \u00ebsht\u00eb plagosur me thik\u00eb k\u00ebt\u00eb t\u00eb mart\u00eb n\u00eb Sarand\u00eb. Policia b\u00ebn me dije se ai \u00ebsht\u00eb q\u00eblluar nga nj\u00eb 38-vje\u00e7ar p\u00ebr motive t\u00eb dob\u00ebta. I plagosur \u00ebsht\u00eb d\u00ebrguar n\u00eb spital nd\u00ebrsa autori q\u00eb u largua menj\u00ebher\u00eb nga vendi i ngjarjes \u00ebsht\u00eb shpallur n\u00eb k\u00ebrkim nga Policia. Njoftimi i policise: Sarand\u00eb Plagosi me mjet [&hellip;]<\/p>\n","protected":false},"author":5,"featured_media":51534,"comment_status":"open","ping_status":"open","sticky":false,"template":"","format":"standard","meta":{"footnotes":""},"categories":[1,6332],"tags":[21609,21610],"class_list":{"0":"post-55426","1":"post","2":"type-post","3":"status-publish","4":"format-standard","5":"has-post-thumbnail","7":"category-aktualitet","8":"category-te-fundit","9":"tag-sarande-plagosi-me-thike-ne-lokal-nje-shtetas","10":"tag-shpallet-ne-kerkim-38-vjecari"},"_links":{"self":[{"href":"https:\/\/jugulajm.net\/index.php?rest_route=\/wp\/v2\/posts\/55426","targetHints":{"allow":["GET"]}}],"collection":[{"href":"https:\/\/jugulajm.net\/index.php?rest_route=\/wp\/v2\/posts"}],"about":[{"href":"https:\/\/jugulajm.net\/index.php?rest_route=\/wp\/v2\/types\/post"}],"author":[{"embeddable":true,"href":"https:\/\/jugulajm.net\/index.php?rest_route=\/wp\/v2\/users\/5"}],"replies":[{"embeddable":true,"href":"https:\/\/jugulajm.net\/index.php?rest_route=%2Fwp%2Fv2%2Fcomments&post=55426"}],"version-history":[{"count":0,"href":"https:\/\/jugulajm.net\/index.php?rest_route=\/wp\/v2\/posts\/55426\/revisions"}],"wp:featuredmedia":[{"embeddable":true,"href":"https:\/\/jugulajm.net\/index.php?rest_route=\/wp\/v2\/media\/51534"}],"wp:attachment":[{"href":"https:\/\/jugulajm.net\/index.php?rest_route=%2Fwp%2Fv2%2Fmedia&parent=55426"}],"wp:term":[{"taxonomy":"category","embeddable":true,"href":"https:\/\/jugulajm.net\/index.php?rest_route=%2Fwp%2Fv2%2Fcategories&post=55426"},{"taxonomy":"post_tag","embeddable":true,"href":"https:\/\/jugulajm.net\/index.php?rest_route=%2Fwp%2Fv2%2Ftags&post=55426"}],"curies":[{"name":"wp","href":"https:\/\/api.w.org\/{rel}","templated":true}]}}