{"id":55384,"date":"2023-01-23T12:06:41","date_gmt":"2023-01-23T11:06:41","guid":{"rendered":"https:\/\/jugulajm.net\/?p=55384"},"modified":"2023-01-23T12:06:41","modified_gmt":"2023-01-23T11:06:41","slug":"moti-i-keq-ja-kur-pushojne-reshjet-2","status":"publish","type":"post","link":"https:\/\/jugulajm.net\/?p=55384","title":{"rendered":"Moti i keq\/ Ja kur pushojn\u00eb reshjet&#8230;"},"content":{"rendered":"<p>Sinoptikania Lajda Porja, ka b\u00ebr\u00eb parashikimin e motit p\u00ebr dit\u00ebt n\u00eb vijim.<\/p>\n<p>Ajo theksoi se sot pritet t\u00eb jet\u00eb edhe dita e fundit q\u00eb do t\u00eb ket\u00eb prezenc\u00eb t\u00eb lart\u00eb t\u00eb reshjeve t\u00eb shiut.<\/p>\n<p>M\u00eb pas sqaroi se nga dita e mart\u00eb dhe e m\u00ebrkur\u00eb do t\u00eb ket\u00eb pak\u00ebsim t\u00eb reshje dhe vendi do t\u2019i mbetet reshjeve t\u00eb d\u00ebbor\u00ebs. Porja b\u00ebri me dije se n\u00eb zonat malore temperaturat do t\u00eb ulen deri n\u00eb -4 dhe -5 grad\u00eb celsiuas dhe se ngricat do t\u00eb jen\u00eb prezent\u00eb.<\/p>\n<p>\u201cDo t\u00eb thoja se sot \u00ebsht\u00eb dita e fundit q\u00eb ka edhe m\u00eb shum\u00eb reshje. Ka nj\u00eb zhvillim t\u00eb nj\u00eb celule nga ora 12:15, ku pritet q\u00eb edhe jugu t\u00eb ket\u00eb rrebeshe. Pas or\u00eb 18:00 do t\u00eb kemi reshje por do t\u00eb jen\u00eb t\u00eb dob\u00ebta. Dita e mart\u00eb dhe e m\u00ebrkur\u00eb do t\u00eb ket\u00eb pak\u00ebsim total t\u00eb reshje. Reshje d\u00ebbor\u00eb n\u00eb t\u00eb gjith\u00eb shtrirjen lindore. Pas dit\u00ebs s\u00eb enjte do t\u00eb ket\u00eb p\u00ebrmir\u00ebsim, Nga nes\u00ebr temperaturat do t\u00eb jen\u00eb n\u00eb r\u00ebnie dhe ngricat do t\u00eb jet\u00eb prezent\u00eb\u00a0 n\u00eb zonat malore temperaturat do t\u00eb zbresin n\u00eb -4 dhe -5. reshjet m\u00eb t\u00eb dendura n\u00eb juglindje parashikohet t\u00eb bien sonte. Dit\u00ebn e enjte priten reshje t\u00eb pakta dhe m\u00eb pas nuk do t\u00eb ket\u00eb m\u00eb reshje\u201d, tha sinoptikania Porja.<\/p>\n","protected":false},"excerpt":{"rendered":"<p>Sinoptikania Lajda Porja, ka b\u00ebr\u00eb parashikimin e motit p\u00ebr dit\u00ebt n\u00eb vijim. Ajo theksoi se sot pritet t\u00eb jet\u00eb edhe dita e fundit q\u00eb do t\u00eb ket\u00eb prezenc\u00eb t\u00eb lart\u00eb t\u00eb reshjeve t\u00eb shiut. M\u00eb pas sqaroi se nga dita e mart\u00eb dhe e m\u00ebrkur\u00eb do t\u00eb ket\u00eb pak\u00ebsim t\u00eb reshje dhe vendi do t\u2019i [&hellip;]<\/p>\n","protected":false},"author":5,"featured_media":46557,"comment_status":"open","ping_status":"open","sticky":false,"template":"","format":"standard","meta":{"footnotes":""},"categories":[7650,6332],"tags":[21591],"class_list":{"0":"post-55384","1":"post","2":"type-post","3":"status-publish","4":"format-standard","5":"has-post-thumbnail","7":"category-moti","8":"category-te-fundit","9":"tag-moti-i-keq-ja-kur-pushojne-reshjet"},"_links":{"self":[{"href":"https:\/\/jugulajm.net\/index.php?rest_route=\/wp\/v2\/posts\/55384","targetHints":{"allow":["GET"]}}],"collection":[{"href":"https:\/\/jugulajm.net\/index.php?rest_route=\/wp\/v2\/posts"}],"about":[{"href":"https:\/\/jugulajm.net\/index.php?rest_route=\/wp\/v2\/types\/post"}],"author":[{"embeddable":true,"href":"https:\/\/jugulajm.net\/index.php?rest_route=\/wp\/v2\/users\/5"}],"replies":[{"embeddable":true,"href":"https:\/\/jugulajm.net\/index.php?rest_route=%2Fwp%2Fv2%2Fcomments&post=55384"}],"version-history":[{"count":0,"href":"https:\/\/jugulajm.net\/index.php?rest_route=\/wp\/v2\/posts\/55384\/revisions"}],"wp:featuredmedia":[{"embeddable":true,"href":"https:\/\/jugulajm.net\/index.php?rest_route=\/wp\/v2\/media\/46557"}],"wp:attachment":[{"href":"https:\/\/jugulajm.net\/index.php?rest_route=%2Fwp%2Fv2%2Fmedia&parent=55384"}],"wp:term":[{"taxonomy":"category","embeddable":true,"href":"https:\/\/jugulajm.net\/index.php?rest_route=%2Fwp%2Fv2%2Fcategories&post=55384"},{"taxonomy":"post_tag","embeddable":true,"href":"https:\/\/jugulajm.net\/index.php?rest_route=%2Fwp%2Fv2%2Ftags&post=55384"}],"curies":[{"name":"wp","href":"https:\/\/api.w.org\/{rel}","templated":true}]}}