{"id":55250,"date":"2023-01-19T09:27:08","date_gmt":"2023-01-19T08:27:08","guid":{"rendered":"https:\/\/jugulajm.net\/?p=55250"},"modified":"2023-01-19T09:28:51","modified_gmt":"2023-01-19T08:28:51","slug":"lajm-i-fundit-lirohet-vellai-i-13-vjecares-qe-rrahu-mesuesin-ne-tepelene","status":"publish","type":"post","link":"https:\/\/jugulajm.net\/?p=55250","title":{"rendered":"LAJM I FUNDIT\/ Lirohet v\u00ebllai i 13-vje\u00e7ares q\u00eb rrahu m\u00ebsuesin n\u00eb Tepelen\u00eb"},"content":{"rendered":"<p>Lirohet nga ambjentet e Komisariatit te Policis\u00eb s\u00eb Tepelen\u00ebs A.G. 29 vje\u00e7 i vellai i njeres prej nxenesve 13 vje\u00e7are te pretenduara se jane abuzuar seksualisht nga mesuesi i edukimit fizik ne shkollen 9-vje\u00e7are ne qytetin e Tepelen\u00ebs, Kleanthi La\u00e7i.<\/p>\n<p>Mbajtja e tij ne dhomat e izolimit ne Komisariat nuk ka kaluar as kufijt\u00eb e 48 orarshit, pasi Prokuriria e Gjirokastres e ka quajtur te paligjshem arrestimin e tij dy dite m\u00eb par\u00eb, pasi u vetdorrezua ne Komisariatin e Policis\u00eb pas dhun\u00ebs s\u00eb ushtruar ndaj n\u00ebsuesit 59 vje\u00e7ar.<\/p>\n<p>M\u00ebsohet se lirimi i 29 vje\u00e7arit nga dhomat e izolimit \u00ebsht\u00eb b\u00ebr\u00eb p\u00ebrmes nj\u00eb urdh\u00ebri t\u00eb posa\u00e7\u00ebm prej prokurores Edlira Manelli, e cila e ka vler\u00ebsuar si t\u00eb paligjsh\u00ebm arrestimin e A.G., pasi nuk kishte shkaktuar d\u00ebme q\u00eb mund t&#8217;i shkaktonin vdekjen m\u00ebsuesit Kleanthi La\u00e7i.<\/p>\n<p>Rjedhimisht dhunuesi i k\u00ebtij t\u00eb fundit zhvishet nga \u00e7do akuz\u00eb e ngritur dhe k\u00ebsisoj \u00ebsht\u00eb i lir\u00eb.<\/p>\n","protected":false},"excerpt":{"rendered":"<p>Lirohet nga ambjentet e Komisariatit te Policis\u00eb s\u00eb Tepelen\u00ebs A.G. 29 vje\u00e7 i vellai i njeres prej nxenesve 13 vje\u00e7are te pretenduara se jane abuzuar seksualisht nga mesuesi i edukimit fizik ne shkollen 9-vje\u00e7are ne qytetin e Tepelen\u00ebs, Kleanthi La\u00e7i. Mbajtja e tij ne dhomat e izolimit ne Komisariat nuk ka kaluar as kufijt\u00eb e [&hellip;]<\/p>\n","protected":false},"author":5,"featured_media":55168,"comment_status":"open","ping_status":"open","sticky":false,"template":"","format":"standard","meta":{"footnotes":""},"categories":[1,6332],"tags":[21542],"class_list":{"0":"post-55250","1":"post","2":"type-post","3":"status-publish","4":"format-standard","5":"has-post-thumbnail","7":"category-aktualitet","8":"category-te-fundit","9":"tag-lajm-i-fundit-lirohet-vellai-i-13-vjecares-qe-rrahu-mesuesin-ne-tepelene"},"_links":{"self":[{"href":"https:\/\/jugulajm.net\/index.php?rest_route=\/wp\/v2\/posts\/55250","targetHints":{"allow":["GET"]}}],"collection":[{"href":"https:\/\/jugulajm.net\/index.php?rest_route=\/wp\/v2\/posts"}],"about":[{"href":"https:\/\/jugulajm.net\/index.php?rest_route=\/wp\/v2\/types\/post"}],"author":[{"embeddable":true,"href":"https:\/\/jugulajm.net\/index.php?rest_route=\/wp\/v2\/users\/5"}],"replies":[{"embeddable":true,"href":"https:\/\/jugulajm.net\/index.php?rest_route=%2Fwp%2Fv2%2Fcomments&post=55250"}],"version-history":[{"count":0,"href":"https:\/\/jugulajm.net\/index.php?rest_route=\/wp\/v2\/posts\/55250\/revisions"}],"wp:featuredmedia":[{"embeddable":true,"href":"https:\/\/jugulajm.net\/index.php?rest_route=\/wp\/v2\/media\/55168"}],"wp:attachment":[{"href":"https:\/\/jugulajm.net\/index.php?rest_route=%2Fwp%2Fv2%2Fmedia&parent=55250"}],"wp:term":[{"taxonomy":"category","embeddable":true,"href":"https:\/\/jugulajm.net\/index.php?rest_route=%2Fwp%2Fv2%2Fcategories&post=55250"},{"taxonomy":"post_tag","embeddable":true,"href":"https:\/\/jugulajm.net\/index.php?rest_route=%2Fwp%2Fv2%2Ftags&post=55250"}],"curies":[{"name":"wp","href":"https:\/\/api.w.org\/{rel}","templated":true}]}}