{"id":55210,"date":"2023-01-18T11:59:19","date_gmt":"2023-01-18T10:59:19","guid":{"rendered":"https:\/\/jugulajm.net\/?p=55210"},"modified":"2023-01-18T12:02:33","modified_gmt":"2023-01-18T11:02:33","slug":"moti-i-keq-bllokohet-rruga-ne-gryken-e-kelcyres","status":"publish","type":"post","link":"https:\/\/jugulajm.net\/?p=55210","title":{"rendered":"Moti i keq\/ Bllokohet rruga n\u00eb Gryk\u00ebn e K\u00eblcyr\u00ebs"},"content":{"rendered":"<p>Shtabi i Emergjencave n\u00eb raportin zyrtar p\u00ebr motin thekson se reshjet e shiut nuk kan\u00eb krijuar problematika serioze n\u00eb vend.<\/p>\n<p>Niveli i ujit n\u00eb rezervuare \u00ebsht\u00eb n\u00eb kuota normale. Gjat\u00eb nat\u00ebs rreth or\u00ebs 01.30 ka pasur nj\u00eb bllokim t\u00eb segmentit rrugor n\u00eb vendin e quajtur Gryka e K\u00eblcyr\u00ebs, nd\u00ebrsa me nd\u00ebrhyrjen e sh\u00ebrbimit zjarrfik\u00ebs gjendja u normalizua.<\/p>\n<p><strong>Njoftimi i plot\u00eb:<\/strong><\/p>\n<p>Nga komunikimi me strukturat vendore t\u00eb MC t\u00eb bashkive rreshjet e shiut nuk kan\u00eb krijuar problematika serioze n\u00eb komunitet dhe infrastruktur\u00eb.<br \/>\nTerritori i qarkut \u00ebsht\u00eb p\u00ebrfshir\u00eb nga reshje me intesitet mesatar dhe me intervale intesive t\u00eb shoq\u00ebruara me er\u00ebra t\u00eb forta<br \/>\nNiveli i uj\u00ebrave: Prurjet e lumit Vjosa dhe Drino si dhe p\u00ebrrenjt\u00eb kryesor jan\u00eb brenda shtratit t\u00eb tyre. Niveli i ujit n\u00eb hidrometrin e lumit Vjosa n\u00eb ur\u00ebn e P\u00ebrmetit 4.3 m kurse n\u00eb ur\u00ebn e Memaliajt \u00ebsht\u00eb 5 met\u00ebr.<br \/>\nNiveli i ujit n\u00eb rezervuare \u00ebsht\u00eb n\u00eb kuota normale.<br \/>\nInfrastruktura rrugore:Ka patur nj\u00eb bllokim t\u00eb segmentit rrugor n\u00eb vendin e quajtur Gryka e K\u00eblcyr\u00ebs, bashkia K\u00eblcyr\u00eb p\u00ebr shkak t\u00eb rr\u00ebzimit t\u00eb pem\u00ebve n\u00eb or\u00ebn 01.30.<\/p>\n<p>Me nd\u00ebrhyrjen e sh\u00ebrbimit zjarrfik\u00ebs t\u00eb bashkis\u00eb K\u00eblcyr\u00eb gjendja u normalizua. Rrug\u00ebt rajonale dhe rurale jan\u00eb n\u00eb normalitet.<\/p>\n","protected":false},"excerpt":{"rendered":"<p>Shtabi i Emergjencave n\u00eb raportin zyrtar p\u00ebr motin thekson se reshjet e shiut nuk kan\u00eb krijuar problematika serioze n\u00eb vend. Niveli i ujit n\u00eb rezervuare \u00ebsht\u00eb n\u00eb kuota normale. Gjat\u00eb nat\u00ebs rreth or\u00ebs 01.30 ka pasur nj\u00eb bllokim t\u00eb segmentit rrugor n\u00eb vendin e quajtur Gryka e K\u00eblcyr\u00ebs, nd\u00ebrsa me nd\u00ebrhyrjen e sh\u00ebrbimit zjarrfik\u00ebs gjendja [&hellip;]<\/p>\n","protected":false},"author":5,"featured_media":55213,"comment_status":"open","ping_status":"open","sticky":false,"template":"","format":"standard","meta":{"footnotes":""},"categories":[1,6332],"tags":[21526],"class_list":{"0":"post-55210","1":"post","2":"type-post","3":"status-publish","4":"format-standard","5":"has-post-thumbnail","7":"category-aktualitet","8":"category-te-fundit","9":"tag-moti-i-keq-bllokohet-rruga-ne-gryken-e-kelcyres"},"_links":{"self":[{"href":"https:\/\/jugulajm.net\/index.php?rest_route=\/wp\/v2\/posts\/55210","targetHints":{"allow":["GET"]}}],"collection":[{"href":"https:\/\/jugulajm.net\/index.php?rest_route=\/wp\/v2\/posts"}],"about":[{"href":"https:\/\/jugulajm.net\/index.php?rest_route=\/wp\/v2\/types\/post"}],"author":[{"embeddable":true,"href":"https:\/\/jugulajm.net\/index.php?rest_route=\/wp\/v2\/users\/5"}],"replies":[{"embeddable":true,"href":"https:\/\/jugulajm.net\/index.php?rest_route=%2Fwp%2Fv2%2Fcomments&post=55210"}],"version-history":[{"count":0,"href":"https:\/\/jugulajm.net\/index.php?rest_route=\/wp\/v2\/posts\/55210\/revisions"}],"wp:featuredmedia":[{"embeddable":true,"href":"https:\/\/jugulajm.net\/index.php?rest_route=\/wp\/v2\/media\/55213"}],"wp:attachment":[{"href":"https:\/\/jugulajm.net\/index.php?rest_route=%2Fwp%2Fv2%2Fmedia&parent=55210"}],"wp:term":[{"taxonomy":"category","embeddable":true,"href":"https:\/\/jugulajm.net\/index.php?rest_route=%2Fwp%2Fv2%2Fcategories&post=55210"},{"taxonomy":"post_tag","embeddable":true,"href":"https:\/\/jugulajm.net\/index.php?rest_route=%2Fwp%2Fv2%2Ftags&post=55210"}],"curies":[{"name":"wp","href":"https:\/\/api.w.org\/{rel}","templated":true}]}}