{"id":55185,"date":"2023-01-17T18:06:50","date_gmt":"2023-01-17T17:06:50","guid":{"rendered":"https:\/\/jugulajm.net\/?p=55185"},"modified":"2023-01-17T18:06:50","modified_gmt":"2023-01-17T17:06:50","slug":"mbyllen-pa-sukses-kerkimet-per-26-vjecarin-ne-lumin-seman","status":"publish","type":"post","link":"https:\/\/jugulajm.net\/?p=55185","title":{"rendered":"Mbyllen pa sukses k\u00ebrkimet p\u00ebr 26-vje\u00e7arin n\u00eb lumin Seman"},"content":{"rendered":"<p>Jan\u00eb mbyllur pa sukses k\u00ebrkimet p\u00ebr 26-vje\u00e7arin n\u00eb uj\u00ebrat e lumit Seman n\u00eb t\u00eb tret\u00ebn dit\u00eb radhazi. Polumbar\u00ebt e RENEA-s bashk\u00eb me banor\u00ebt e zon\u00ebs, p\u00ebr gjetjen e automjetit tip \u201cGolf\u201d, i cili dyshohet se ka r\u00ebn\u00eb n\u00eb uj\u00ebrat e k\u00ebtij lumi.<\/p>\n<p>K\u00ebrkimet e sotme kan\u00eb qen\u00eb m\u00eb intensive dhe jan\u00eb p\u00ebrdorur edhe mjete t\u00eb sofistikuara p\u00ebr t\u00eb b\u00ebr\u00eb t\u00eb mundur gjetjen e mjetit.<\/p>\n<p>E gjith\u00eb rrjedha e lumit \u00ebsht\u00eb k\u00ebqyrur me dron. Nd\u00ebrkoh\u00eb nuk ka informacion se n\u00eb cilat pista t\u00eb hetimit do t\u00eb fokusohet policia gjat\u00eb dit\u00ebve n\u00eb vijim.<\/p>\n<p style=\"text-align: left;\">Dyshohet se n\u00eb makin\u00eb ka qen\u00eb 26-vje\u00e7ari me emrin Mateo Lika. Ai e kishte marr\u00eb k\u00ebt\u00eb makin\u00eb me qira.<\/p>\n","protected":false},"excerpt":{"rendered":"<p>Jan\u00eb mbyllur pa sukses k\u00ebrkimet p\u00ebr 26-vje\u00e7arin n\u00eb uj\u00ebrat e lumit Seman n\u00eb t\u00eb tret\u00ebn dit\u00eb radhazi. Polumbar\u00ebt e RENEA-s bashk\u00eb me banor\u00ebt e zon\u00ebs, p\u00ebr gjetjen e automjetit tip \u201cGolf\u201d, i cili dyshohet se ka r\u00ebn\u00eb n\u00eb uj\u00ebrat e k\u00ebtij lumi. K\u00ebrkimet e sotme kan\u00eb qen\u00eb m\u00eb intensive dhe jan\u00eb p\u00ebrdorur edhe mjete t\u00eb [&hellip;]<\/p>\n","protected":false},"author":5,"featured_media":55186,"comment_status":"open","ping_status":"open","sticky":false,"template":"","format":"standard","meta":{"footnotes":""},"categories":[1,6332],"tags":[21515],"class_list":{"0":"post-55185","1":"post","2":"type-post","3":"status-publish","4":"format-standard","5":"has-post-thumbnail","7":"category-aktualitet","8":"category-te-fundit","9":"tag-mbyllen-pa-sukses-kerkimet-per-26-vjecarin-ne-lumin-seman"},"_links":{"self":[{"href":"https:\/\/jugulajm.net\/index.php?rest_route=\/wp\/v2\/posts\/55185","targetHints":{"allow":["GET"]}}],"collection":[{"href":"https:\/\/jugulajm.net\/index.php?rest_route=\/wp\/v2\/posts"}],"about":[{"href":"https:\/\/jugulajm.net\/index.php?rest_route=\/wp\/v2\/types\/post"}],"author":[{"embeddable":true,"href":"https:\/\/jugulajm.net\/index.php?rest_route=\/wp\/v2\/users\/5"}],"replies":[{"embeddable":true,"href":"https:\/\/jugulajm.net\/index.php?rest_route=%2Fwp%2Fv2%2Fcomments&post=55185"}],"version-history":[{"count":0,"href":"https:\/\/jugulajm.net\/index.php?rest_route=\/wp\/v2\/posts\/55185\/revisions"}],"wp:featuredmedia":[{"embeddable":true,"href":"https:\/\/jugulajm.net\/index.php?rest_route=\/wp\/v2\/media\/55186"}],"wp:attachment":[{"href":"https:\/\/jugulajm.net\/index.php?rest_route=%2Fwp%2Fv2%2Fmedia&parent=55185"}],"wp:term":[{"taxonomy":"category","embeddable":true,"href":"https:\/\/jugulajm.net\/index.php?rest_route=%2Fwp%2Fv2%2Fcategories&post=55185"},{"taxonomy":"post_tag","embeddable":true,"href":"https:\/\/jugulajm.net\/index.php?rest_route=%2Fwp%2Fv2%2Ftags&post=55185"}],"curies":[{"name":"wp","href":"https:\/\/api.w.org\/{rel}","templated":true}]}}