{"id":55126,"date":"2023-01-16T14:32:56","date_gmt":"2023-01-16T13:32:56","guid":{"rendered":"https:\/\/jugulajm.net\/?p=55126"},"modified":"2023-01-16T14:32:56","modified_gmt":"2023-01-16T13:32:56","slug":"deputeti-i-pd-se-heq-dore-nga-mandati-vala-e-re-e-perjashtimeve-ishte-e-tepert","status":"publish","type":"post","link":"https:\/\/jugulajm.net\/?p=55126","title":{"rendered":"Deputeti i PD-s\u00eb heq dor\u00eb nga mandati: Vala e re e p\u00ebrjashtimeve ishte e tep\u00ebrt"},"content":{"rendered":"<p>Fation Veizaj ka dh\u00ebn\u00eb dor\u00ebheqjen si deputet i Partis\u00eb Demokratike.<\/p>\n<p>Ai ka njoftuar se ka e nd\u00ebrmarr\u00eb k\u00ebt\u00eb hap pasi PD- sipas tij \u00ebsht\u00eb e p\u00ebr\u00e7ar\u00eb dhe q\u00eb prej nj\u00eb viti i gjys\u00ebm nuk po ia del dot t&#8217;i jap\u00eb fund k\u00ebsdaj situate.<\/p>\n<p>Njoftimin p\u00ebr k\u00ebt\u00eb vendim ai e ka ndar\u00eb n\u00eb faqen e tij n\u00eb Facebook.<\/p>\n<p>Sipas list\u00ebs s\u00eb kandidat\u00ebve p\u00ebr deputet\u00eb n\u00eb zgjedhjet e 2021, mandati i kalon G\u00ebzim Ademajt.<\/p>\n<p>Ademaj ishte p\u00ebrfaq\u00ebsues i PDIU n\u00eb list\u00ebn e kandidat\u00ebve t\u00eb PD n\u00eb zgjedhjet e 2021.<\/p>\n","protected":false},"excerpt":{"rendered":"<p>Fation Veizaj ka dh\u00ebn\u00eb dor\u00ebheqjen si deputet i Partis\u00eb Demokratike. Ai ka njoftuar se ka e nd\u00ebrmarr\u00eb k\u00ebt\u00eb hap pasi PD- sipas tij \u00ebsht\u00eb e p\u00ebr\u00e7ar\u00eb dhe q\u00eb prej nj\u00eb viti i gjys\u00ebm nuk po ia del dot t&#8217;i jap\u00eb fund k\u00ebsdaj situate. Njoftimin p\u00ebr k\u00ebt\u00eb vendim ai e ka ndar\u00eb n\u00eb faqen e tij [&hellip;]<\/p>\n","protected":false},"author":5,"featured_media":55127,"comment_status":"open","ping_status":"open","sticky":false,"template":"","format":"standard","meta":{"footnotes":""},"categories":[6326,6332],"tags":[21495],"class_list":{"0":"post-55126","1":"post","2":"type-post","3":"status-publish","4":"format-standard","5":"has-post-thumbnail","7":"category-politike","8":"category-te-fundit","9":"tag-deputeti-i-pd-se-heq-dore-nga-mandati-vala-e-re-e-perjashtimeve-ishte-e-tepert"},"_links":{"self":[{"href":"https:\/\/jugulajm.net\/index.php?rest_route=\/wp\/v2\/posts\/55126","targetHints":{"allow":["GET"]}}],"collection":[{"href":"https:\/\/jugulajm.net\/index.php?rest_route=\/wp\/v2\/posts"}],"about":[{"href":"https:\/\/jugulajm.net\/index.php?rest_route=\/wp\/v2\/types\/post"}],"author":[{"embeddable":true,"href":"https:\/\/jugulajm.net\/index.php?rest_route=\/wp\/v2\/users\/5"}],"replies":[{"embeddable":true,"href":"https:\/\/jugulajm.net\/index.php?rest_route=%2Fwp%2Fv2%2Fcomments&post=55126"}],"version-history":[{"count":0,"href":"https:\/\/jugulajm.net\/index.php?rest_route=\/wp\/v2\/posts\/55126\/revisions"}],"wp:featuredmedia":[{"embeddable":true,"href":"https:\/\/jugulajm.net\/index.php?rest_route=\/wp\/v2\/media\/55127"}],"wp:attachment":[{"href":"https:\/\/jugulajm.net\/index.php?rest_route=%2Fwp%2Fv2%2Fmedia&parent=55126"}],"wp:term":[{"taxonomy":"category","embeddable":true,"href":"https:\/\/jugulajm.net\/index.php?rest_route=%2Fwp%2Fv2%2Fcategories&post=55126"},{"taxonomy":"post_tag","embeddable":true,"href":"https:\/\/jugulajm.net\/index.php?rest_route=%2Fwp%2Fv2%2Ftags&post=55126"}],"curies":[{"name":"wp","href":"https:\/\/api.w.org\/{rel}","templated":true}]}}