{"id":55099,"date":"2023-01-15T16:22:09","date_gmt":"2023-01-15T15:22:09","guid":{"rendered":"https:\/\/jugulajm.net\/?p=55099"},"modified":"2023-01-15T16:22:09","modified_gmt":"2023-01-15T15:22:09","slug":"emri-hyri-per-te-vjedhur-ne-banese-perleshet-me-pronarin-arrestohet-25-vjecari","status":"publish","type":"post","link":"https:\/\/jugulajm.net\/?p=55099","title":{"rendered":"EMRI\/ Hyri p\u00ebr t\u00eb vjedhur n\u00eb banes\u00eb, p\u00ebrleshet me pronarin, arrestohet 25-vje\u00e7ari"},"content":{"rendered":"<p>Nj\u00eb 25-vje\u00e7ar ka r\u00ebn\u00eb n\u00eb prangat e policis\u00eb s\u00eb Sarand\u00ebs, pasi \u00ebsht\u00eb kapur n\u00eb flagranc\u00eb n\u00eb tentativ\u00eb p\u00ebr t\u00eb grabitur nj\u00eb ban\u00ebse.<\/p>\n<p>B\u00ebhet me dije se Sh\u00ebrbimet e Komisariatit t\u00eb Policis\u00eb Sarand\u00eb, pas marrjes s\u00eb njoftimit se n\u00eb nj\u00eb banes\u00eb, n\u00eb lagjen Metoq, Sarand\u00eb, kishte hyr\u00eb me forc\u00eb nj\u00eb shtetas, p\u00ebr t\u00eb vjedhur, dhe po konfliktohej fizikisht me pronarin e banes\u00ebs, menj\u00ebher\u00eb kan\u00eb shkuar n\u00eb vendngjarje dhe kan\u00eb b\u00ebr\u00eb t\u00eb mundur arrestimin n\u00eb flagranc\u00eb t\u00eb shtetasit Lavdim Alliu 25 vje\u00e7, banues n\u00eb fshatin Gradisht\u00eb, Lushnj\u00eb.<\/p>\n<p><strong>Njoftimi i policis\u00eb:<\/strong><\/p>\n<p>Hyri me forc\u00eb n\u00eb nj\u00eb banes\u00eb, p\u00ebr t\u00eb vjedhur, arrestohet n\u00eb flagrac\u00eb 25-vje\u00e7ari.<\/p>\n<p>Sh\u00ebrbimet e Komisariatit t\u00eb Policis\u00eb Sarand\u00eb, pas marrjes s\u00eb njoftimit se n\u00eb nj\u00eb banes\u00eb, n\u00eb lagjen Metoq, Sarand\u00eb, kishte hyr\u00eb me forc\u00eb nj\u00eb shtetas, p\u00ebr t\u00eb vjedhur, dhe po konfliktohej fizikisht me pronarin e banes\u00ebs, menj\u00ebher\u00eb kan\u00eb shkuar n\u00eb vendngjarje dhe kan\u00eb b\u00ebr\u00eb t\u00eb mundur arrestimin n\u00eb flagranc\u00eb t\u00eb shtetasit L. A., 25 vje\u00e7, banues n\u00eb fshatin Gradisht\u00eb, Lushnj\u00eb.<\/p>\n<p>25-vjecari kishte hyr\u00eb me forc\u00eb n\u00eb banes\u00ebn e shtetasit A. T., p\u00ebr t\u00eb vjedhur, por ishte konstatuar nga ky i fundit, i cili njoftoi menjeher\u00eb Policin\u00eb dhe u konfliktua fizikisht me t\u00eb deri n\u00eb nd\u00ebrhyrjen e shpejt\u00eb t\u00eb sh\u00ebrbimeve t\u00eb policis\u00eb q\u00eb reaguan n\u00eb koh\u00eb reale.<\/p>\n<p>Vijon puna, n\u00ebn drejtimin e Prokuroris\u00eb pran\u00eb Gjykat\u00ebs s\u00eb Rrethit Gjyq\u00ebsor Sarand\u00eb, p\u00ebr zbardhjen dhe dokumentimin e vjedhjeve t\u00eb tjera, q\u00eb mund t\u00eb jen\u00eb kryer nga ky shtetas.<\/p>\n<p>Materialet i kaluan Prokuroris\u00eb s\u00eb Sarand\u00ebs, p\u00ebr vepr\u00ebn penale \u201cVjedhja me dhun\u00eb\u201d.<\/p>\n","protected":false},"excerpt":{"rendered":"<p>Nj\u00eb 25-vje\u00e7ar ka r\u00ebn\u00eb n\u00eb prangat e policis\u00eb s\u00eb Sarand\u00ebs, pasi \u00ebsht\u00eb kapur n\u00eb flagranc\u00eb n\u00eb tentativ\u00eb p\u00ebr t\u00eb grabitur nj\u00eb ban\u00ebse. B\u00ebhet me dije se Sh\u00ebrbimet e Komisariatit t\u00eb Policis\u00eb Sarand\u00eb, pas marrjes s\u00eb njoftimit se n\u00eb nj\u00eb banes\u00eb, n\u00eb lagjen Metoq, Sarand\u00eb, kishte hyr\u00eb me forc\u00eb nj\u00eb shtetas, p\u00ebr t\u00eb vjedhur, dhe po [&hellip;]<\/p>\n","protected":false},"author":5,"featured_media":55100,"comment_status":"open","ping_status":"open","sticky":false,"template":"","format":"standard","meta":{"footnotes":""},"categories":[1,6332],"tags":[12935,21482,21483],"class_list":{"0":"post-55099","1":"post","2":"type-post","3":"status-publish","4":"format-standard","5":"has-post-thumbnail","7":"category-aktualitet","8":"category-te-fundit","9":"tag-arrestohet-25-vjecari","10":"tag-emri-hyri-per-te-vjedhur-ne-banese","11":"tag-perleshet-me-pronarin"},"_links":{"self":[{"href":"https:\/\/jugulajm.net\/index.php?rest_route=\/wp\/v2\/posts\/55099","targetHints":{"allow":["GET"]}}],"collection":[{"href":"https:\/\/jugulajm.net\/index.php?rest_route=\/wp\/v2\/posts"}],"about":[{"href":"https:\/\/jugulajm.net\/index.php?rest_route=\/wp\/v2\/types\/post"}],"author":[{"embeddable":true,"href":"https:\/\/jugulajm.net\/index.php?rest_route=\/wp\/v2\/users\/5"}],"replies":[{"embeddable":true,"href":"https:\/\/jugulajm.net\/index.php?rest_route=%2Fwp%2Fv2%2Fcomments&post=55099"}],"version-history":[{"count":0,"href":"https:\/\/jugulajm.net\/index.php?rest_route=\/wp\/v2\/posts\/55099\/revisions"}],"wp:featuredmedia":[{"embeddable":true,"href":"https:\/\/jugulajm.net\/index.php?rest_route=\/wp\/v2\/media\/55100"}],"wp:attachment":[{"href":"https:\/\/jugulajm.net\/index.php?rest_route=%2Fwp%2Fv2%2Fmedia&parent=55099"}],"wp:term":[{"taxonomy":"category","embeddable":true,"href":"https:\/\/jugulajm.net\/index.php?rest_route=%2Fwp%2Fv2%2Fcategories&post=55099"},{"taxonomy":"post_tag","embeddable":true,"href":"https:\/\/jugulajm.net\/index.php?rest_route=%2Fwp%2Fv2%2Ftags&post=55099"}],"curies":[{"name":"wp","href":"https:\/\/api.w.org\/{rel}","templated":true}]}}