{"id":54988,"date":"2023-01-11T21:36:12","date_gmt":"2023-01-11T20:36:12","guid":{"rendered":"https:\/\/jugulajm.net\/?p=54988"},"modified":"2023-01-11T21:36:12","modified_gmt":"2023-01-11T20:36:12","slug":"video-luizi-shperthen-ne-te-qara-dhe-sqaron-banoret-se","status":"publish","type":"post","link":"https:\/\/jugulajm.net\/?p=54988","title":{"rendered":"VIDEO\/ Luizi shp\u00ebrthen n\u00eb t\u00eb qara dhe sqaron banor\u00ebt se&#8230;"},"content":{"rendered":"<div class=\"td_block_wrap tdb_single_content tdi_89 td-pb-border-top td_block_template_1 td-post-content tagdiv-type\" data-td-block-uid=\"tdi_89\">\n<div class=\"tdb-block-inner td-fix-index\">\n<p>Banori i \u201cBig Brother Vip\u201d, Luiz Ejlli \u00ebsht\u00eb v\u00ebn\u00eb n\u00eb fokus t\u00eb medieve q\u00eb prej mbr\u00ebmjes s\u00eb djeshme, ku u vu n\u00eb diskutim sh\u00ebndeti i tij p\u00ebr shkak t\u00eb deklaratave kontradiktore t\u00eb k\u00ebng\u00ebtarit.<\/p>\n<p>Ai ka mbledhur banor\u00ebt sot p\u00ebr t\u00eb sqaruar situat\u00ebn e djeshme n\u00eb Prime, ku ai tha se nuk ishte i s\u00ebmur\u00eb, ashtu si\u00e7 i ishte shprehur Kiar\u00ebs. Mes lot\u00ebsh ai thot\u00eb se \u00ebsht\u00eb shprehur gabim dhe se ndihet n\u00eb faj!<\/p>\n<p><strong>Luizi<\/strong>: Duhet q\u00eb t\u00eb gjej nj\u00eb zgjidhje, ia b\u00ebra vetes, kurse ju po m\u00eb b\u00ebni gjyqin, m\u00ebnyra se si u shpreha ishte gabim, Un\u00eb tani humba Kiar\u00ebn, Big Brotherin dhe kur t\u00eb dal do m\u00eb thon\u00eb ja ky mashtruesi! Un\u00eb ia b\u00ebra vetes! Kam th\u00ebn\u00eb nj\u00eb gomarllik!<\/p>\n<p>Nd\u00ebrkoh\u00eb Kejvina i thot\u00eb se Luizit se duhet t\u2019u k\u00ebrkoj\u00eb falje t\u00eb gjith\u00ebve.<\/p>\n<p><strong>Kejvina:<\/strong>\u00a0Dje ke instistuar n\u00eb k\u00ebt\u00eb gomarllikun t\u00ebnd!fakti q\u00eb ti e pranove hallall! Tani k\u00ebrkoju falje t\u00eb gjith\u00ebve! Kush flet prapa faljes t\u00ebnde \u00ebsht\u00eb gabim!<\/p>\n<p><iframe id=\"instagram-embed-0\" class=\"instagram-media instagram-media-rendered\" src=\"https:\/\/www.instagram.com\/reel\/CnR9-AyhHqM\/embed\/captioned\/?cr=1&amp;v=14&amp;wp=965&amp;rd=https%3A%2F%2Fnewsbomb.al&amp;rp=%2Fkam-thene-nje-gomarllik-ia-bera-vetes-luizi-shperthen-ne-te-qara-dhe-sqaron-banoret-kejvina-e-perqafon-kerkoju-falje-te-gjithevevideo%2F#%7B%22ci%22%3A0%2C%22os%22%3A1499.199999988079%2C%22ls%22%3A421.80000001192093%2C%22le%22%3A1152.4000000059605%7D\" height=\"731\" frameborder=\"0\" scrolling=\"no\" allowfullscreen=\"allowfullscreen\" data-instgrm-payload-id=\"instagram-media-payload-0\" data-mce-fragment=\"1\"><\/iframe>&nbsp;<\/p>\n<p><iframe id=\"instagram-embed-1\" class=\"instagram-media instagram-media-rendered\" src=\"https:\/\/www.instagram.com\/reel\/CnR-of-hpZ-\/embed\/captioned\/?cr=1&amp;v=14&amp;wp=965&amp;rd=https%3A%2F%2Fnewsbomb.al&amp;rp=%2Fkam-thene-nje-gomarllik-ia-bera-vetes-luizi-shperthen-ne-te-qara-dhe-sqaron-banoret-kejvina-e-perqafon-kerkoju-falje-te-gjithevevideo%2F#%7B%22ci%22%3A1%2C%22os%22%3A1508.9000000059605%2C%22ls%22%3A421.80000001192093%2C%22le%22%3A1152.4000000059605%7D\" height=\"749\" frameborder=\"0\" scrolling=\"no\" allowfullscreen=\"allowfullscreen\" data-instgrm-payload-id=\"instagram-media-payload-1\" data-mce-fragment=\"1\"><\/iframe><\/div>\n<\/div>\n","protected":false},"excerpt":{"rendered":"<p>Banori i \u201cBig Brother Vip\u201d, Luiz Ejlli \u00ebsht\u00eb v\u00ebn\u00eb n\u00eb fokus t\u00eb medieve q\u00eb prej mbr\u00ebmjes s\u00eb djeshme, ku u vu n\u00eb diskutim sh\u00ebndeti i tij p\u00ebr shkak t\u00eb deklaratave kontradiktore t\u00eb k\u00ebng\u00ebtarit. Ai ka mbledhur banor\u00ebt sot p\u00ebr t\u00eb sqaruar situat\u00ebn e djeshme n\u00eb Prime, ku ai tha se nuk ishte i s\u00ebmur\u00eb, ashtu [&hellip;]<\/p>\n","protected":false},"author":5,"featured_media":54989,"comment_status":"open","ping_status":"open","sticky":false,"template":"","format":"standard","meta":{"footnotes":""},"categories":[1,6332],"tags":[21423],"class_list":{"0":"post-54988","1":"post","2":"type-post","3":"status-publish","4":"format-standard","5":"has-post-thumbnail","7":"category-aktualitet","8":"category-te-fundit","9":"tag-video-luizi-shperthen-ne-te-qara-dhe-sqaron-banoret-se"},"_links":{"self":[{"href":"https:\/\/jugulajm.net\/index.php?rest_route=\/wp\/v2\/posts\/54988","targetHints":{"allow":["GET"]}}],"collection":[{"href":"https:\/\/jugulajm.net\/index.php?rest_route=\/wp\/v2\/posts"}],"about":[{"href":"https:\/\/jugulajm.net\/index.php?rest_route=\/wp\/v2\/types\/post"}],"author":[{"embeddable":true,"href":"https:\/\/jugulajm.net\/index.php?rest_route=\/wp\/v2\/users\/5"}],"replies":[{"embeddable":true,"href":"https:\/\/jugulajm.net\/index.php?rest_route=%2Fwp%2Fv2%2Fcomments&post=54988"}],"version-history":[{"count":0,"href":"https:\/\/jugulajm.net\/index.php?rest_route=\/wp\/v2\/posts\/54988\/revisions"}],"wp:featuredmedia":[{"embeddable":true,"href":"https:\/\/jugulajm.net\/index.php?rest_route=\/wp\/v2\/media\/54989"}],"wp:attachment":[{"href":"https:\/\/jugulajm.net\/index.php?rest_route=%2Fwp%2Fv2%2Fmedia&parent=54988"}],"wp:term":[{"taxonomy":"category","embeddable":true,"href":"https:\/\/jugulajm.net\/index.php?rest_route=%2Fwp%2Fv2%2Fcategories&post=54988"},{"taxonomy":"post_tag","embeddable":true,"href":"https:\/\/jugulajm.net\/index.php?rest_route=%2Fwp%2Fv2%2Ftags&post=54988"}],"curies":[{"name":"wp","href":"https:\/\/api.w.org\/{rel}","templated":true}]}}