{"id":54929,"date":"2023-01-10T15:23:33","date_gmt":"2023-01-10T14:23:33","guid":{"rendered":"https:\/\/jugulajm.net\/?p=54929"},"modified":"2023-01-10T15:23:56","modified_gmt":"2023-01-10T14:23:56","slug":"lajm-i-fundit-gerdeci-spak-merr-te-pandehur-ish-ministrin-mediu","status":"publish","type":"post","link":"https:\/\/jugulajm.net\/?p=54929","title":{"rendered":"LAJM I FUNDIT!! G\u00ebrdeci\/ SPAK merr t\u00eb pandehur ish-ministrin Mediu"},"content":{"rendered":"<p style=\"font-weight: 400;\">Prokuroria e Posa\u00e7me ka ngritur sot akuz\u00ebn ndaj ish-ministrit t\u00eb Mbrojtjes Fatmir Mediu, gati 15 vite pas tragjedis\u00eb s\u00eb G\u00ebrdecit.<\/p>\n<p style=\"font-weight: 400;\">SPAK ka p\u00ebrfunduar hetimet gati nj\u00eb vje\u00e7are p\u00ebr tragjedin\u00eb me 26 viktima uzin\u00ebn e demontimit t\u00eb municioneve n\u00eb fshatin G\u00ebrdec, duke akuzuar ish-ministrin e Mbrojtjes p\u00ebr vepr\u00ebn penale t\u00eb shp\u00ebrdorimit t\u00eb detyr\u00ebs.<\/p>\n<p style=\"font-weight: 400;\">Mediu \u00ebsht\u00eb paraqitur n\u00eb SPAK sot n\u00eb or\u00ebn 14:00 me dy avokat\u00ebt e tij, Ardian Visha dhe Henrik Ligori, ku edhe i \u00ebsht\u00eb komunikuar akuza.<\/p>\n","protected":false},"excerpt":{"rendered":"<p>Prokuroria e Posa\u00e7me ka ngritur sot akuz\u00ebn ndaj ish-ministrit t\u00eb Mbrojtjes Fatmir Mediu, gati 15 vite pas tragjedis\u00eb s\u00eb G\u00ebrdecit. SPAK ka p\u00ebrfunduar hetimet gati nj\u00eb vje\u00e7are p\u00ebr tragjedin\u00eb me 26 viktima uzin\u00ebn e demontimit t\u00eb municioneve n\u00eb fshatin G\u00ebrdec, duke akuzuar ish-ministrin e Mbrojtjes p\u00ebr vepr\u00ebn penale t\u00eb shp\u00ebrdorimit t\u00eb detyr\u00ebs. Mediu \u00ebsht\u00eb paraqitur [&hellip;]<\/p>\n","protected":false},"author":5,"featured_media":54931,"comment_status":"open","ping_status":"open","sticky":false,"template":"","format":"standard","meta":{"footnotes":""},"categories":[1,6332],"tags":[21399],"class_list":{"0":"post-54929","1":"post","2":"type-post","3":"status-publish","4":"format-standard","5":"has-post-thumbnail","7":"category-aktualitet","8":"category-te-fundit","9":"tag-lajm-i-fundit-gerdeci-spak-merr-te-pandehur-ish-ministrin-mediu"},"_links":{"self":[{"href":"https:\/\/jugulajm.net\/index.php?rest_route=\/wp\/v2\/posts\/54929","targetHints":{"allow":["GET"]}}],"collection":[{"href":"https:\/\/jugulajm.net\/index.php?rest_route=\/wp\/v2\/posts"}],"about":[{"href":"https:\/\/jugulajm.net\/index.php?rest_route=\/wp\/v2\/types\/post"}],"author":[{"embeddable":true,"href":"https:\/\/jugulajm.net\/index.php?rest_route=\/wp\/v2\/users\/5"}],"replies":[{"embeddable":true,"href":"https:\/\/jugulajm.net\/index.php?rest_route=%2Fwp%2Fv2%2Fcomments&post=54929"}],"version-history":[{"count":0,"href":"https:\/\/jugulajm.net\/index.php?rest_route=\/wp\/v2\/posts\/54929\/revisions"}],"wp:featuredmedia":[{"embeddable":true,"href":"https:\/\/jugulajm.net\/index.php?rest_route=\/wp\/v2\/media\/54931"}],"wp:attachment":[{"href":"https:\/\/jugulajm.net\/index.php?rest_route=%2Fwp%2Fv2%2Fmedia&parent=54929"}],"wp:term":[{"taxonomy":"category","embeddable":true,"href":"https:\/\/jugulajm.net\/index.php?rest_route=%2Fwp%2Fv2%2Fcategories&post=54929"},{"taxonomy":"post_tag","embeddable":true,"href":"https:\/\/jugulajm.net\/index.php?rest_route=%2Fwp%2Fv2%2Ftags&post=54929"}],"curies":[{"name":"wp","href":"https:\/\/api.w.org\/{rel}","templated":true}]}}