{"id":54880,"date":"2023-01-09T15:40:59","date_gmt":"2023-01-09T14:40:59","guid":{"rendered":"https:\/\/jugulajm.net\/?p=54880"},"modified":"2023-01-09T15:42:28","modified_gmt":"2023-01-09T14:42:28","slug":"vdekja-ne-burg-familjaret-e-sheshit-do-padisin-gjyqtaren-qe-refuzoi-lirimin","status":"publish","type":"post","link":"https:\/\/jugulajm.net\/?p=54880","title":{"rendered":"Vdekja n\u00eb burg\/ Familjar\u00ebt e Sheshit: Do padisim gjyqtaren q\u00eb refuzoi lirimin"},"content":{"rendered":"<p>Injorimi nga Gjykata Speciale e gjendjes sh\u00ebndet\u00ebsore t\u00eb Enver Sheshit solli dhe pasoj\u00ebn fatale ku pasditen e 7 janarit ai nd\u00ebrroi jet\u00eb n\u00eb QSUT si pasoj\u00eb e nj\u00eb ataku kardiak pa mundur t\u00eb marr\u00eb ndihm\u00eb t\u00eb specializuar p\u00ebr shkak t\u00eb mas\u00ebs arrest me burg n\u00eb t\u00eb cil\u00ebn ndodhej.<\/p>\n<p>Sheshi i kishte parashtruar shkaqet sh\u00ebndet\u00ebsore n\u00eb GJKKO s\u00eb Apeli, por ishte refuzuar nga gjyqtarja Iliriana Olldashi m\u00eb 29 dhjetor.<\/p>\n<p>Familjar\u00ebt e tij kan\u00eb paralajm\u00ebruar se t\u00eb kall\u00ebzojn\u00eb gjyqtaren e GJKKO, Ilirjana Olldashin p\u00ebr veprime t\u00eb padrejta ndaj Sheshit si dhe prokuror\u00ebt q\u00eb po merren me dosjen e incenerator\u00ebve.<\/p>\n<p>Top Channel \u00ebsht\u00eb interesuar p\u00ebr rastin edhe pran\u00eb Avokatit t\u00eb Popullit ku m\u00ebsoi se nuk \u00ebsht\u00eb \u00e7elur asnj\u00eb hetim mekanizmi komb\u00ebtar kund\u00ebr tortur\u00ebs thot\u00eb se nuk \u00ebsht\u00eb marre me k\u00ebt\u00eb \u00e7\u00ebshtje\u00a0 nd\u00ebrsa Seksioni i \u00e7\u00ebshtjeve t\u00eb ve\u00e7anta nuk ka nisur hetim sepse ndaj viktim\u00ebs po kryheshin hetime dhe gjykata kishte marr\u00eb nj\u00eb vendim mbi t\u00eb cilin nuk mund t\u00eb mbivendosej Avokati i Popullit.<\/p>\n<p>Megjith\u00ebse vepra penale p\u00ebr t\u00eb cil\u00ebn sheshi akuzohej nuk \u00ebsht\u00eb e r\u00ebnd\u00eb dhe leht\u00ebsimi i mas\u00ebs kund\u00ebr tij nuk mund t\u00eb tjet\u00ebrsonte provat kjo nuk i mjaftoi gjykat\u00ebs p\u00ebr ti dh\u00ebn\u00eb mund\u00ebsi 59 vje\u00e7arit t\u00eb kurohej. P\u00ebr m\u00eb tep\u00ebr Enver Sheshi ishte d\u00ebnuar nj\u00ebher\u00eb p\u00ebr evazion me incenetator\u00ebt, por u ri-arrestua p\u00ebr t\u00eb nj\u00ebjt\u00ebn \u00e7\u00ebshtje.<\/p>\n<p>Ai nuk \u00ebsht\u00eb i vetmi, n\u00eb dosjen e incenerator\u00ebve n\u00eb burg jan\u00eb edhe persona t\u00eb cil\u00ebt kan\u00eb qen\u00eb formalisht pjese e komisioneve t\u00eb ngritura p\u00ebr incenerator\u00ebt mbahen n\u00eb burgje prej nj\u00eb kohe t\u00eb gjat\u00eb. Nd\u00ebrkoh\u00eb urdh\u00ebruesit, personat me poste politike q\u00eb drejtuan gjith\u00eb procesin e abuzimit me incenerator\u00ebt jan\u00eb ende t\u00eb papreksh\u00ebm.<\/p>\n","protected":false},"excerpt":{"rendered":"<p>Injorimi nga Gjykata Speciale e gjendjes sh\u00ebndet\u00ebsore t\u00eb Enver Sheshit solli dhe pasoj\u00ebn fatale ku pasditen e 7 janarit ai nd\u00ebrroi jet\u00eb n\u00eb QSUT si pasoj\u00eb e nj\u00eb ataku kardiak pa mundur t\u00eb marr\u00eb ndihm\u00eb t\u00eb specializuar p\u00ebr shkak t\u00eb mas\u00ebs arrest me burg n\u00eb t\u00eb cil\u00ebn ndodhej. Sheshi i kishte parashtruar shkaqet sh\u00ebndet\u00ebsore n\u00eb [&hellip;]<\/p>\n","protected":false},"author":5,"featured_media":54843,"comment_status":"open","ping_status":"open","sticky":false,"template":"","format":"standard","meta":{"footnotes":""},"categories":[1,6332],"tags":[21384],"class_list":{"0":"post-54880","1":"post","2":"type-post","3":"status-publish","4":"format-standard","5":"has-post-thumbnail","7":"category-aktualitet","8":"category-te-fundit","9":"tag-vdekja-ne-burg-familjaret-e-sheshit-do-padisin-gjyqtaren-qe-refuzoi-lirimin"},"_links":{"self":[{"href":"https:\/\/jugulajm.net\/index.php?rest_route=\/wp\/v2\/posts\/54880","targetHints":{"allow":["GET"]}}],"collection":[{"href":"https:\/\/jugulajm.net\/index.php?rest_route=\/wp\/v2\/posts"}],"about":[{"href":"https:\/\/jugulajm.net\/index.php?rest_route=\/wp\/v2\/types\/post"}],"author":[{"embeddable":true,"href":"https:\/\/jugulajm.net\/index.php?rest_route=\/wp\/v2\/users\/5"}],"replies":[{"embeddable":true,"href":"https:\/\/jugulajm.net\/index.php?rest_route=%2Fwp%2Fv2%2Fcomments&post=54880"}],"version-history":[{"count":0,"href":"https:\/\/jugulajm.net\/index.php?rest_route=\/wp\/v2\/posts\/54880\/revisions"}],"wp:featuredmedia":[{"embeddable":true,"href":"https:\/\/jugulajm.net\/index.php?rest_route=\/wp\/v2\/media\/54843"}],"wp:attachment":[{"href":"https:\/\/jugulajm.net\/index.php?rest_route=%2Fwp%2Fv2%2Fmedia&parent=54880"}],"wp:term":[{"taxonomy":"category","embeddable":true,"href":"https:\/\/jugulajm.net\/index.php?rest_route=%2Fwp%2Fv2%2Fcategories&post=54880"},{"taxonomy":"post_tag","embeddable":true,"href":"https:\/\/jugulajm.net\/index.php?rest_route=%2Fwp%2Fv2%2Ftags&post=54880"}],"curies":[{"name":"wp","href":"https:\/\/api.w.org\/{rel}","templated":true}]}}