{"id":54876,"date":"2023-01-09T12:51:32","date_gmt":"2023-01-09T11:51:32","guid":{"rendered":"https:\/\/jugulajm.net\/?p=54876"},"modified":"2023-01-09T12:51:32","modified_gmt":"2023-01-09T11:51:32","slug":"futboll-silvinho-firmos-dhe-premton-do-bejme-nje-pune-te-mire","status":"publish","type":"post","link":"https:\/\/jugulajm.net\/?p=54876","title":{"rendered":"Futboll\/ Silvinho firmos dhe premton: Do b\u00ebjm\u00eb nj\u00eb pun\u00eb t\u00eb mir\u00eb!"},"content":{"rendered":"<p>Sylvio Mendes Campos Junior, i njohur si Sylvinho, prezantohet si trajneri i ri i Komb\u00ebtares shqiptare.<\/p>\n<p>Braziliani ka firmosur me Federat\u00ebn Shqiptare t\u00eb Futbollit nj\u00eb kontrat\u00eb 18-mujore, me objektivin e vet\u00ebm, arritje n\u00eb faz\u00ebn finale t\u00eb Europianit \u201cGjermani 2024\u201d.<\/p>\n<p>N\u00eb fjal\u00ebn e tij tekniku 49-vje\u00e7ar tha:\u00a0<em>\u201cMir\u00ebdita t\u00eb gjith\u00ebve. Doja t\u2019ju fal\u00ebnderoja q\u00eb jeni k\u00ebtu. Jam i k\u00ebnaqur me stafin tim. Doja t\u2019i thoja di\u00e7ka Rej\u00ebs. Ka shum\u00eb pun\u00eb. Duhet t\u00eb b\u00ebjm\u00eb disa zgjedhje t\u00eb v\u00ebshtira. Faleminderit p\u00ebr pun\u00ebn q\u00eb ka b\u00ebr\u00eb.<\/em><\/p>\n<p><em>P\u00ebr zemr\u00ebn, p\u00ebr pasionin. Ne kemi d\u00ebshir\u00eb q\u00eb t\u00eb b\u00ebjm\u00eb mir\u00eb,\u00a0q\u00eb ta \u00e7ojm\u00eb k\u00ebt\u00eb Komb\u00ebtare n\u00eb vendin e duhur. P\u00ebr k\u00ebt\u00eb arsye jemi k\u00ebtu. Kur takova presidentin, k\u00ebt\u00eb pash\u00eb tek ai. Mendoj se dhe ai pa te ne urin\u00eb dhe d\u00ebshir\u00ebn p\u00ebr rezultate pozitive. P\u00ebr t\u2019i dh\u00ebn\u00eb k\u00ebtij projekti vazhdim\u00ebsin\u00eb.<\/em><\/p>\n<p><em>Shpeshher\u00eb d\u00ebgjoj dhe njer\u00ebzit p\u00ebr zgjedhjet q\u00eb b\u00ebn nj\u00eb trajner. Federata Shqiptare m\u00eb bindi. M\u00eb bindi q\u00eb t\u00eb merrja p\u00ebrsip\u00ebr k\u00ebt\u00eb pun\u00eb. Jemi t\u00eb k\u00ebnaqur dhe besoj se do t\u00eb b\u00ebjm\u00eb nj\u00eb pun\u00eb t\u00eb mir\u00eb\u201d.<\/em><\/p>\n","protected":false},"excerpt":{"rendered":"<p>Sylvio Mendes Campos Junior, i njohur si Sylvinho, prezantohet si trajneri i ri i Komb\u00ebtares shqiptare. Braziliani ka firmosur me Federat\u00ebn Shqiptare t\u00eb Futbollit nj\u00eb kontrat\u00eb 18-mujore, me objektivin e vet\u00ebm, arritje n\u00eb faz\u00ebn finale t\u00eb Europianit \u201cGjermani 2024\u201d. N\u00eb fjal\u00ebn e tij tekniku 49-vje\u00e7ar tha:\u00a0\u201cMir\u00ebdita t\u00eb gjith\u00ebve. Doja t\u2019ju fal\u00ebnderoja q\u00eb jeni k\u00ebtu. Jam [&hellip;]<\/p>\n","protected":false},"author":5,"featured_media":54877,"comment_status":"open","ping_status":"open","sticky":false,"template":"","format":"standard","meta":{"footnotes":""},"categories":[6334,6332],"tags":[21383],"class_list":{"0":"post-54876","1":"post","2":"type-post","3":"status-publish","4":"format-standard","5":"has-post-thumbnail","7":"category-sport","8":"category-te-fundit","9":"tag-futboll-silvinho-firmos-dhe-premton-do-bejme-nje-pune-te-mire"},"_links":{"self":[{"href":"https:\/\/jugulajm.net\/index.php?rest_route=\/wp\/v2\/posts\/54876","targetHints":{"allow":["GET"]}}],"collection":[{"href":"https:\/\/jugulajm.net\/index.php?rest_route=\/wp\/v2\/posts"}],"about":[{"href":"https:\/\/jugulajm.net\/index.php?rest_route=\/wp\/v2\/types\/post"}],"author":[{"embeddable":true,"href":"https:\/\/jugulajm.net\/index.php?rest_route=\/wp\/v2\/users\/5"}],"replies":[{"embeddable":true,"href":"https:\/\/jugulajm.net\/index.php?rest_route=%2Fwp%2Fv2%2Fcomments&post=54876"}],"version-history":[{"count":0,"href":"https:\/\/jugulajm.net\/index.php?rest_route=\/wp\/v2\/posts\/54876\/revisions"}],"wp:featuredmedia":[{"embeddable":true,"href":"https:\/\/jugulajm.net\/index.php?rest_route=\/wp\/v2\/media\/54877"}],"wp:attachment":[{"href":"https:\/\/jugulajm.net\/index.php?rest_route=%2Fwp%2Fv2%2Fmedia&parent=54876"}],"wp:term":[{"taxonomy":"category","embeddable":true,"href":"https:\/\/jugulajm.net\/index.php?rest_route=%2Fwp%2Fv2%2Fcategories&post=54876"},{"taxonomy":"post_tag","embeddable":true,"href":"https:\/\/jugulajm.net\/index.php?rest_route=%2Fwp%2Fv2%2Ftags&post=54876"}],"curies":[{"name":"wp","href":"https:\/\/api.w.org\/{rel}","templated":true}]}}